{"id":1791,"date":"2021-06-24T15:33:10","date_gmt":"2021-06-24T13:33:10","guid":{"rendered":"https:\/\/brest-ecologie.bzh\/?p=1791"},"modified":"2022-02-22T15:56:33","modified_gmt":"2022-02-22T14:56:33","slug":"voeu-de-la-majorite-pour-la-defense-des-langues-regionales","status":"publish","type":"post","link":"https:\/\/brest-ecologie.bzh\/?p=1791","title":{"rendered":"V\u0153u de la majorit\u00e9 pour la d\u00e9fense des langues r\u00e9gionales"},"content":{"rendered":"\n<p class=\"has-text-align-center tw-text-wide\">Retrouvez ci-dessous le v\u0153u de la majorit\u00e9 brestoise pour la d\u00e9fense des langues r\u00e9gionales.<\/p>\n\n\n\n<p><\/p>\n\n\n\n<h2 class=\"has-text-align-center has-large-font-size wp-block-heading\">V\u0153u pour que soient inscrits, dans la Constitution et dans la loi, la protection et l&rsquo;usage des langues dites r\u00e9gionales dans la vie publique et priv\u00e9e<\/h2>\n\n\n\n<p class=\"has-text-align-center\"><em>Pr\u00e9sent\u00e9 par le Groupe \u00ab Brest au C\u0153ur et \u00c9cologiste \u00bb (Socialistes et Apparent\u00e9s, Communistes et Citoyens, \u00c9cologistes &#8211; Europe \u00c9cologie-Les Verts et Apparent\u00e9s -, \u00c9lu.e.s de la Gauche Sociale et \u00c9cologique, Parti Radical de Gauche-Le Centre Gauche, Union D\u00e9mocratique Bretonne)<\/em><\/p>\n\n\n\n<p>Le 8 avril 2021, l\u2019Assembl\u00e9e nationale a adopt\u00e9 \u00e0 une tr\u00e8s large majorit\u00e9 la Loi Molac relative \u00e0 la protection patrimoniale des langues r\u00e9gionales et \u00e0 leur promotion. Cette derni\u00e8re ent\u00e9rinait de grandes avanc\u00e9es, telles que la reconnaissance de  l\u2019enseignement des langues dites r\u00e9gionales en immersion \u00e0 l\u2019\u00e9cole publique, l\u2019instauration d\u2019un forfait scolaire obligatoire au b\u00e9n\u00e9fice des \u00e9coles associatives comme Diwan, la reconnaissance officielle de la signal\u00e9tique bilingue dans la vie publique et l\u2019utilisation des signes diacritiques des langues r\u00e9gionales dans les actes d\u2019\u00e9tat civil.<\/p>\n\n\n\n<p>Le 22 avril 2021, les man\u0153uvres de Jean-Michel Blanquer en vue de censurer la loi Molac ont conduit \u00e0 la saisine du Conseil constitutionnel par 61 d\u00e9put\u00e9s de la majorit\u00e9 pr\u00e9sidentielle. Ce recours, r\u00e9dig\u00e9 \u00e0 dessein par le cabinet du ministre de l\u2019\u00c9ducation nationale, t\u00e9moigne d\u2019un v\u00e9ritable acharnement de la part du gouvernement contre l\u2019usage, la pr\u00e9servation et la promotion des langues r\u00e9gionales.<\/p>\n\n\n\n<p>Le 21 mai 2021, \u00e0 la suite de cette saisine, le Conseil constitutionnel a censur\u00e9 les articles 4 et 9 de la loi sur la base de l\u2019article 2 de la Constitution, lequel indique que \u00ab la langue de la R\u00e9publique est le fran\u00e7ais \u00bb.<\/p>\n\n\n\n<p>Rappelons que la r\u00e9vision de la Constitution survenue en 2008 avait permis d\u2019ajouter un nouvel article, le 75-1, disposant que \u00ab les langues r\u00e9gionales appartiennent au patrimoine de la France \u00bb. Cet article aurait d\u00fb favoriser l\u2019adoption de la Loi Molac, mais l\u2019interpr\u00e9tation du Conseil en a \u00e9t\u00e9 tout autre.<\/p>\n\n\n\n<p>Cette censure, contrastant avec le travail remarquable des parlementaires, porte une grave atteinte \u00e0 la pr\u00e9servation et \u00e0 la promotion des langues r\u00e9gionales. Elle constitue par ailleurs une menace pour les \u00e9coles associatives pratiquant l\u2019enseignement en immersion. Cet enseignement doit \u00eatre au contraire d\u00e9fendu, tant dans l\u2019enseignement public que dans les \u00e9tablissements sous contrat.<\/p>\n\n\n\n<p>C\u2019est parce qu\u2019en Bretagne comme ailleurs, la promotion de la diversit\u00e9, notamment linguistique, ne s\u2019oppose pas aux valeurs de la R\u00e9publique mais en d\u00e9coule, que nous refusons de hi\u00e9rarchiser et d\u2019opposer les langues de France. Le breton fait aussi partie de nos identit\u00e9s, de notre culture plurielle et de nos mani\u00e8res de vivre \u00e0 \u00e9gale dignit\u00e9 : il n\u2019y a pas de \u00ab sous-langue \u00bb.<\/p>\n\n\n\n<p>Puisque le Conseil constitutionnel estime que le principe m\u00eame de l\u2019enseignement immersif va \u00e0 l\u2019encontre de la Constitution, il convient d\u00e8s lors de la modifier. Les parlementaires devraient avoir toute latitude pour r\u00e9viser la loi fondamentale visant \u00e0 faire \u00e9voluer l\u2019interpr\u00e9tation du Conseil constitutionnel en faveur des langues r\u00e9gionales.<\/p>\n\n\n\n<p>En cons\u00e9quence, le conseil municipal de Brest r\u00e9uni en s\u00e9ance le 17 juin 2021 :<\/p>\n\n\n\n<ul class=\"wp-block-list\"><li>Rappelle son attachement \u00e0 la d\u00e9fense et \u00e0 la promotion des langues r\u00e9gionales ;<\/li><li>Appelle le Pr\u00e9sident de la R\u00e9publique \u00e0 pr\u00e9senter de toute urgence un projet de loi constitutionnelle visant \u00e0 modifier l\u2019article 2 de la Constitution pour qu\u2019un cadre juridique permettant la protection, le d\u00e9veloppement et l\u2019usage serein de nos langues dans la vie publique et priv\u00e9e soit institu\u00e9.<\/li><\/ul>\n\n\n\n<hr class=\"wp-block-separator is-style-tw-short\"\/>\n\n\n\n<p>Retrouvez ci-dessous un extrait de l&rsquo;intervention de Ronan Pichon au nom des \u00e9lu\u00b7e\u00b7s \u00e9cologistes suite \u00e0 l&rsquo;adoption de ce v\u0153u.<\/p>\n\n\n\n<figure class=\"wp-block-pullquote is-style-default\"><blockquote><p>A ce sujet \u00e9galement, il y a un travail en cours au Minist\u00e8re de l\u2019\u00e9ducation national pour r\u00e9viser les consignes et les programmes, notamment des \u00e9coles maternelles, pour la rentr\u00e9e prochaine. Il vise \u00e0 remplacer les exigences de ma\u00eetrise du langage par des exigences de ma\u00eetrise de la langue fran\u00e7aise. Cela peut sembler anodin, mais cela veut dire que dans les \u00e9coles Diwan, immersives ou bilingues, l\u00e0 o\u00f9 l\u2019on met l\u2019accent sur la ma\u00eetrise du langage on introduit une obligation d\u2019\u00e9valuation non pas dans l\u2019absolu mais uniquement sur le crit\u00e8re de la langue fran\u00e7aise. Ce double langage [de la part du gouvernement] est inadmissible. Ce v\u0153u est tr\u00e8s important, car nous devons exprimer notre volont\u00e9 de permettre l\u2019enseignement dans nos langues et de nos langues pour tous nos enfants.<\/p><cite><strong>Ronan Pichon,<\/strong> <em>Conseiller municipal M\u00e9diation et usages du<br>num\u00e9rique<\/em><\/cite><\/blockquote><\/figure>\n\n\n\n<p><\/p>\n\n\n\n<hr class=\"wp-block-separator is-style-tw-short\"\/>\n\n\n\n<p>Pour voir toutes nos vid\u00e9os, rendez-vous sur notre&nbsp;<a href=\"https:\/\/www.youtube.com\/channel\/UCF26X4ImxDdDiydIKxoA2WA\" target=\"_blank\" rel=\"noreferrer noopener\">cha\u00eene Youtube<\/a>&nbsp;!<\/p>\n","protected":false},"excerpt":{"rendered":"<p>Les \u00e9cologistes Brestois\u00b7e\u00b7s ont fait le pari ici \u00e0 Brest que cette f\u00eate populaire pourrait \u00e9voluer et que des progr\u00e8s \u00e9taient possibles. Tout n\u2019est pas parfait, mais nous avons bien constat\u00e9 que la prise de conscience environnementale est l\u00e0.<a href=\"https:\/\/brest-ecologie.bzh\/?p=1791\" class=\"more-link\"><span>Lire la suite<\/span><span class=\"screen-reader-text\">V\u0153u de la majorit\u00e9 pour la d\u00e9fense des langues r\u00e9gionales<\/span><\/a><\/p>\n","protected":false},"author":2,"featured_media":191,"comment_status":"open","ping_status":"open","sticky":false,"template":"","format":"standard","meta":{"footnotes":""},"categories":[5,6],"tags":[],"class_list":["post-1791","post","type-post","status-publish","format-standard","has-post-thumbnail","hentry","category-actualites","category-conseil-municipal"],"yoast_head":"<!-- This site is optimized with the Yoast SEO plugin v23.0 - https:\/\/yoast.com\/wordpress\/plugins\/seo\/ -->\n<title>V\u0153u de la majorit\u00e9 pour la d\u00e9fense des langues r\u00e9gionales - Elu\u00b7es \u00e9cologistes Brest<\/title>\n<meta name=\"description\" content=\"V\u0153u des \u00e9lus de la majorit\u00e9 de la Ville de Brest pour la d\u00e9fense des langues r\u00e9gionales.\" \/>\n<meta name=\"robots\" content=\"index, follow, max-snippet:-1, max-image-preview:large, max-video-preview:-1\" \/>\n<link rel=\"canonical\" href=\"https:\/\/brest-ecologie.bzh\/?p=1791\" \/>\n<meta property=\"og:locale\" content=\"fr_FR\" \/>\n<meta property=\"og:type\" content=\"article\" \/>\n<meta property=\"og:title\" content=\"V\u0153u de la majorit\u00e9 pour la d\u00e9fense des langues r\u00e9gionales - Elu\u00b7es \u00e9cologistes Brest\" \/>\n<meta property=\"og:description\" content=\"V\u0153u des \u00e9lus de la majorit\u00e9 de la Ville de Brest pour la d\u00e9fense des langues r\u00e9gionales.\" \/>\n<meta property=\"og:url\" content=\"https:\/\/brest-ecologie.bzh\/?p=1791\" \/>\n<meta property=\"og:site_name\" content=\"Elu\u00b7es \u00e9cologistes Brest\" \/>\n<meta property=\"article:publisher\" content=\"https:\/\/www.facebook.com\/Elu.e.sEcoloBrest\" \/>\n<meta property=\"article:published_time\" content=\"2021-06-24T13:33:10+00:00\" \/>\n<meta property=\"article:modified_time\" content=\"2022-02-22T14:56:33+00:00\" \/>\n<meta name=\"author\" content=\"Marie Jabbar\" \/>\n<meta name=\"twitter:card\" content=\"summary_large_image\" \/>\n<meta name=\"twitter:creator\" content=\"@BrestEcologie\" \/>\n<meta name=\"twitter:site\" content=\"@BrestEcologie\" \/>\n<meta name=\"twitter:label1\" content=\"\u00c9crit par\" \/>\n\t<meta name=\"twitter:data1\" content=\"Marie Jabbar\" \/>\n\t<meta name=\"twitter:label2\" content=\"Dur\u00e9e de lecture estim\u00e9e\" \/>\n\t<meta name=\"twitter:data2\" content=\"4 minutes\" \/>\n<script type=\"application\/ld+json\" class=\"yoast-schema-graph\">{\"@context\":\"https:\/\/schema.org\",\"@graph\":[{\"@type\":\"Article\",\"@id\":\"https:\/\/brest-ecologie.bzh\/?p=1791#article\",\"isPartOf\":{\"@id\":\"https:\/\/brest-ecologie.bzh\/?p=1791\"},\"author\":{\"name\":\"Marie Jabbar\",\"@id\":\"https:\/\/brest-ecologie.bzh\/#\/schema\/person\/70b96da820e85c4efc3348c4c49651f7\"},\"headline\":\"V\u0153u de la majorit\u00e9 pour la d\u00e9fense des langues r\u00e9gionales\",\"datePublished\":\"2021-06-24T13:33:10+00:00\",\"dateModified\":\"2022-02-22T14:56:33+00:00\",\"mainEntityOfPage\":{\"@id\":\"https:\/\/brest-ecologie.bzh\/?p=1791\"},\"wordCount\":819,\"commentCount\":1,\"publisher\":{\"@id\":\"https:\/\/brest-ecologie.bzh\/#organization\"},\"image\":{\"@id\":\"https:\/\/brest-ecologie.bzh\/?p=1791#primaryimage\"},\"thumbnailUrl\":\"https:\/\/brest-ecologie.bzh\/wp-content\/uploads\/2020\/12\/Logo_Ville_de_Brest_noir.png\",\"articleSection\":[\"Actualit\u00e9s\",\"Conseil municipal\"],\"inLanguage\":\"fr-FR\",\"potentialAction\":[{\"@type\":\"CommentAction\",\"name\":\"Comment\",\"target\":[\"https:\/\/brest-ecologie.bzh\/?p=1791#respond\"]}]},{\"@type\":\"WebPage\",\"@id\":\"https:\/\/brest-ecologie.bzh\/?p=1791\",\"url\":\"https:\/\/brest-ecologie.bzh\/?p=1791\",\"name\":\"V\u0153u de la majorit\u00e9 pour la d\u00e9fense des langues r\u00e9gionales - Elu\u00b7es \u00e9cologistes Brest\",\"isPartOf\":{\"@id\":\"https:\/\/brest-ecologie.bzh\/#website\"},\"primaryImageOfPage\":{\"@id\":\"https:\/\/brest-ecologie.bzh\/?p=1791#primaryimage\"},\"image\":{\"@id\":\"https:\/\/brest-ecologie.bzh\/?p=1791#primaryimage\"},\"thumbnailUrl\":\"https:\/\/brest-ecologie.bzh\/wp-content\/uploads\/2020\/12\/Logo_Ville_de_Brest_noir.png\",\"datePublished\":\"2021-06-24T13:33:10+00:00\",\"dateModified\":\"2022-02-22T14:56:33+00:00\",\"description\":\"V\u0153u des \u00e9lus de la majorit\u00e9 de la Ville de Brest pour la d\u00e9fense des langues r\u00e9gionales.\",\"breadcrumb\":{\"@id\":\"https:\/\/brest-ecologie.bzh\/?p=1791#breadcrumb\"},\"inLanguage\":\"fr-FR\",\"potentialAction\":[{\"@type\":\"ReadAction\",\"target\":[\"https:\/\/brest-ecologie.bzh\/?p=1791\"]}]},{\"@type\":\"ImageObject\",\"inLanguage\":\"fr-FR\",\"@id\":\"https:\/\/brest-ecologie.bzh\/?p=1791#primaryimage\",\"url\":\"https:\/\/brest-ecologie.bzh\/wp-content\/uploads\/2020\/12\/Logo_Ville_de_Brest_noir.png\",\"contentUrl\":\"https:\/\/brest-ecologie.bzh\/wp-content\/uploads\/2020\/12\/Logo_Ville_de_Brest_noir.png\",\"width\":1181,\"height\":508,\"caption\":\"Ville de Brest\"},{\"@type\":\"BreadcrumbList\",\"@id\":\"https:\/\/brest-ecologie.bzh\/?p=1791#breadcrumb\",\"itemListElement\":[{\"@type\":\"ListItem\",\"position\":1,\"name\":\"Accueil\",\"item\":\"https:\/\/brest-ecologie.bzh\/\"},{\"@type\":\"ListItem\",\"position\":2,\"name\":\"V\u0153u de la majorit\u00e9 pour la d\u00e9fense des langues r\u00e9gionales\"}]},{\"@type\":\"WebSite\",\"@id\":\"https:\/\/brest-ecologie.bzh\/#website\",\"url\":\"https:\/\/brest-ecologie.bzh\/\",\"name\":\"Elu\u00b7e\u00b7s \u00e9cologistes Brest\",\"description\":\"\",\"publisher\":{\"@id\":\"https:\/\/brest-ecologie.bzh\/#organization\"},\"potentialAction\":[{\"@type\":\"SearchAction\",\"target\":{\"@type\":\"EntryPoint\",\"urlTemplate\":\"https:\/\/brest-ecologie.bzh\/?s={search_term_string}\"},\"query-input\":\"required name=search_term_string\"}],\"inLanguage\":\"fr-FR\"},{\"@type\":\"Organization\",\"@id\":\"https:\/\/brest-ecologie.bzh\/#organization\",\"name\":\"Elu\u00b7e\u00b7s \u00e9cologistes de Brest ville et m\u00e9tropole\",\"url\":\"https:\/\/brest-ecologie.bzh\/\",\"logo\":{\"@type\":\"ImageObject\",\"inLanguage\":\"fr-FR\",\"@id\":\"https:\/\/brest-ecologie.bzh\/#\/schema\/logo\/image\/\",\"url\":\"https:\/\/brest-ecologie.bzh\/wp-content\/uploads\/2021\/02\/logo-elus.png\",\"contentUrl\":\"https:\/\/brest-ecologie.bzh\/wp-content\/uploads\/2021\/02\/logo-elus.png\",\"width\":2300,\"height\":921,\"caption\":\"Elu\u00b7e\u00b7s \u00e9cologistes de Brest ville et m\u00e9tropole\"},\"image\":{\"@id\":\"https:\/\/brest-ecologie.bzh\/#\/schema\/logo\/image\/\"},\"sameAs\":[\"https:\/\/www.facebook.com\/Elu.e.sEcoloBrest\",\"https:\/\/x.com\/BrestEcologie\",\"https:\/\/www.youtube.com\/channel\/UCF26X4ImxDdDiydIKxoA2WA\"]},{\"@type\":\"Person\",\"@id\":\"https:\/\/brest-ecologie.bzh\/#\/schema\/person\/70b96da820e85c4efc3348c4c49651f7\",\"name\":\"Marie Jabbar\",\"image\":{\"@type\":\"ImageObject\",\"inLanguage\":\"fr-FR\",\"@id\":\"https:\/\/brest-ecologie.bzh\/#\/schema\/person\/image\/\",\"url\":\"https:\/\/secure.gravatar.com\/avatar\/99a71328c63537f5756a5588630a8d3fc5fd854637d174b454f2b02a18615f20?s=96&d=mm&r=g\",\"contentUrl\":\"https:\/\/secure.gravatar.com\/avatar\/99a71328c63537f5756a5588630a8d3fc5fd854637d174b454f2b02a18615f20?s=96&d=mm&r=g\",\"caption\":\"Marie Jabbar\"}}]}<\/script>\n<!-- \/ Yoast SEO plugin. -->","yoast_head_json":{"title":"V\u0153u de la majorit\u00e9 pour la d\u00e9fense des langues r\u00e9gionales - Elu\u00b7es \u00e9cologistes Brest","description":"V\u0153u des \u00e9lus de la majorit\u00e9 de la Ville de Brest pour la d\u00e9fense des langues r\u00e9gionales.","robots":{"index":"index","follow":"follow","max-snippet":"max-snippet:-1","max-image-preview":"max-image-preview:large","max-video-preview":"max-video-preview:-1"},"canonical":"https:\/\/brest-ecologie.bzh\/?p=1791","og_locale":"fr_FR","og_type":"article","og_title":"V\u0153u de la majorit\u00e9 pour la d\u00e9fense des langues r\u00e9gionales - Elu\u00b7es \u00e9cologistes Brest","og_description":"V\u0153u des \u00e9lus de la majorit\u00e9 de la Ville de Brest pour la d\u00e9fense des langues r\u00e9gionales.","og_url":"https:\/\/brest-ecologie.bzh\/?p=1791","og_site_name":"Elu\u00b7es \u00e9cologistes Brest","article_publisher":"https:\/\/www.facebook.com\/Elu.e.sEcoloBrest","article_published_time":"2021-06-24T13:33:10+00:00","article_modified_time":"2022-02-22T14:56:33+00:00","author":"Marie Jabbar","twitter_card":"summary_large_image","twitter_creator":"@BrestEcologie","twitter_site":"@BrestEcologie","twitter_misc":{"\u00c9crit par":"Marie Jabbar","Dur\u00e9e de lecture estim\u00e9e":"4 minutes"},"schema":{"@context":"https:\/\/schema.org","@graph":[{"@type":"Article","@id":"https:\/\/brest-ecologie.bzh\/?p=1791#article","isPartOf":{"@id":"https:\/\/brest-ecologie.bzh\/?p=1791"},"author":{"name":"Marie Jabbar","@id":"https:\/\/brest-ecologie.bzh\/#\/schema\/person\/70b96da820e85c4efc3348c4c49651f7"},"headline":"V\u0153u de la majorit\u00e9 pour la d\u00e9fense des langues r\u00e9gionales","datePublished":"2021-06-24T13:33:10+00:00","dateModified":"2022-02-22T14:56:33+00:00","mainEntityOfPage":{"@id":"https:\/\/brest-ecologie.bzh\/?p=1791"},"wordCount":819,"commentCount":1,"publisher":{"@id":"https:\/\/brest-ecologie.bzh\/#organization"},"image":{"@id":"https:\/\/brest-ecologie.bzh\/?p=1791#primaryimage"},"thumbnailUrl":"https:\/\/brest-ecologie.bzh\/wp-content\/uploads\/2020\/12\/Logo_Ville_de_Brest_noir.png","articleSection":["Actualit\u00e9s","Conseil municipal"],"inLanguage":"fr-FR","potentialAction":[{"@type":"CommentAction","name":"Comment","target":["https:\/\/brest-ecologie.bzh\/?p=1791#respond"]}]},{"@type":"WebPage","@id":"https:\/\/brest-ecologie.bzh\/?p=1791","url":"https:\/\/brest-ecologie.bzh\/?p=1791","name":"V\u0153u de la majorit\u00e9 pour la d\u00e9fense des langues r\u00e9gionales - Elu\u00b7es \u00e9cologistes Brest","isPartOf":{"@id":"https:\/\/brest-ecologie.bzh\/#website"},"primaryImageOfPage":{"@id":"https:\/\/brest-ecologie.bzh\/?p=1791#primaryimage"},"image":{"@id":"https:\/\/brest-ecologie.bzh\/?p=1791#primaryimage"},"thumbnailUrl":"https:\/\/brest-ecologie.bzh\/wp-content\/uploads\/2020\/12\/Logo_Ville_de_Brest_noir.png","datePublished":"2021-06-24T13:33:10+00:00","dateModified":"2022-02-22T14:56:33+00:00","description":"V\u0153u des \u00e9lus de la majorit\u00e9 de la Ville de Brest pour la d\u00e9fense des langues r\u00e9gionales.","breadcrumb":{"@id":"https:\/\/brest-ecologie.bzh\/?p=1791#breadcrumb"},"inLanguage":"fr-FR","potentialAction":[{"@type":"ReadAction","target":["https:\/\/brest-ecologie.bzh\/?p=1791"]}]},{"@type":"ImageObject","inLanguage":"fr-FR","@id":"https:\/\/brest-ecologie.bzh\/?p=1791#primaryimage","url":"https:\/\/brest-ecologie.bzh\/wp-content\/uploads\/2020\/12\/Logo_Ville_de_Brest_noir.png","contentUrl":"https:\/\/brest-ecologie.bzh\/wp-content\/uploads\/2020\/12\/Logo_Ville_de_Brest_noir.png","width":1181,"height":508,"caption":"Ville de Brest"},{"@type":"BreadcrumbList","@id":"https:\/\/brest-ecologie.bzh\/?p=1791#breadcrumb","itemListElement":[{"@type":"ListItem","position":1,"name":"Accueil","item":"https:\/\/brest-ecologie.bzh\/"},{"@type":"ListItem","position":2,"name":"V\u0153u de la majorit\u00e9 pour la d\u00e9fense des langues r\u00e9gionales"}]},{"@type":"WebSite","@id":"https:\/\/brest-ecologie.bzh\/#website","url":"https:\/\/brest-ecologie.bzh\/","name":"Elu\u00b7e\u00b7s \u00e9cologistes Brest","description":"","publisher":{"@id":"https:\/\/brest-ecologie.bzh\/#organization"},"potentialAction":[{"@type":"SearchAction","target":{"@type":"EntryPoint","urlTemplate":"https:\/\/brest-ecologie.bzh\/?s={search_term_string}"},"query-input":"required name=search_term_string"}],"inLanguage":"fr-FR"},{"@type":"Organization","@id":"https:\/\/brest-ecologie.bzh\/#organization","name":"Elu\u00b7e\u00b7s \u00e9cologistes de Brest ville et m\u00e9tropole","url":"https:\/\/brest-ecologie.bzh\/","logo":{"@type":"ImageObject","inLanguage":"fr-FR","@id":"https:\/\/brest-ecologie.bzh\/#\/schema\/logo\/image\/","url":"https:\/\/brest-ecologie.bzh\/wp-content\/uploads\/2021\/02\/logo-elus.png","contentUrl":"https:\/\/brest-ecologie.bzh\/wp-content\/uploads\/2021\/02\/logo-elus.png","width":2300,"height":921,"caption":"Elu\u00b7e\u00b7s \u00e9cologistes de Brest ville et m\u00e9tropole"},"image":{"@id":"https:\/\/brest-ecologie.bzh\/#\/schema\/logo\/image\/"},"sameAs":["https:\/\/www.facebook.com\/Elu.e.sEcoloBrest","https:\/\/x.com\/BrestEcologie","https:\/\/www.youtube.com\/channel\/UCF26X4ImxDdDiydIKxoA2WA"]},{"@type":"Person","@id":"https:\/\/brest-ecologie.bzh\/#\/schema\/person\/70b96da820e85c4efc3348c4c49651f7","name":"Marie Jabbar","image":{"@type":"ImageObject","inLanguage":"fr-FR","@id":"https:\/\/brest-ecologie.bzh\/#\/schema\/person\/image\/","url":"https:\/\/secure.gravatar.com\/avatar\/99a71328c63537f5756a5588630a8d3fc5fd854637d174b454f2b02a18615f20?s=96&d=mm&r=g","contentUrl":"https:\/\/secure.gravatar.com\/avatar\/99a71328c63537f5756a5588630a8d3fc5fd854637d174b454f2b02a18615f20?s=96&d=mm&r=g","caption":"Marie Jabbar"}}]}},"_links":{"self":[{"href":"https:\/\/brest-ecologie.bzh\/index.php?rest_route=\/wp\/v2\/posts\/1791","targetHints":{"allow":["GET"]}}],"collection":[{"href":"https:\/\/brest-ecologie.bzh\/index.php?rest_route=\/wp\/v2\/posts"}],"about":[{"href":"https:\/\/brest-ecologie.bzh\/index.php?rest_route=\/wp\/v2\/types\/post"}],"author":[{"embeddable":true,"href":"https:\/\/brest-ecologie.bzh\/index.php?rest_route=\/wp\/v2\/users\/2"}],"replies":[{"embeddable":true,"href":"https:\/\/brest-ecologie.bzh\/index.php?rest_route=%2Fwp%2Fv2%2Fcomments&post=1791"}],"version-history":[{"count":3,"href":"https:\/\/brest-ecologie.bzh\/index.php?rest_route=\/wp\/v2\/posts\/1791\/revisions"}],"predecessor-version":[{"id":2000,"href":"https:\/\/brest-ecologie.bzh\/index.php?rest_route=\/wp\/v2\/posts\/1791\/revisions\/2000"}],"wp:featuredmedia":[{"embeddable":true,"href":"https:\/\/brest-ecologie.bzh\/index.php?rest_route=\/wp\/v2\/media\/191"}],"wp:attachment":[{"href":"https:\/\/brest-ecologie.bzh\/index.php?rest_route=%2Fwp%2Fv2%2Fmedia&parent=1791"}],"wp:term":[{"taxonomy":"category","embeddable":true,"href":"https:\/\/brest-ecologie.bzh\/index.php?rest_route=%2Fwp%2Fv2%2Fcategories&post=1791"},{"taxonomy":"post_tag","embeddable":true,"href":"https:\/\/brest-ecologie.bzh\/index.php?rest_route=%2Fwp%2Fv2%2Ftags&post=1791"}],"curies":[{"name":"wp","href":"https:\/\/api.w.org\/{rel}","templated":true}]}}