{"id":3986,"date":"2024-01-17T15:13:38","date_gmt":"2024-01-17T14:13:38","guid":{"rendered":"https:\/\/brest-ecologie.bzh\/?p=3986"},"modified":"2024-02-08T15:39:01","modified_gmt":"2024-02-08T14:39:01","slug":"projet-de-nouveau-stade-a-brest-interview-de-glen-dissaux-sur-france-bleu","status":"publish","type":"post","link":"https:\/\/brest-ecologie.bzh\/?p=3986","title":{"rendered":"Projet de nouveau stade \u00e0 Brest &#8211; Interview de Glen Dissaux sur France Bleu"},"content":{"rendered":"\n<p>Alors que la pression autour du futur stade au Froutven commence \u00e0 monter, retrouvez une interview de Glen Dissaux qui r\u00e9interroge la pertinence de ce projet et les risques \u00e9conomiques et environnementaux qui pourraient \u00eatre pris : \u00ab\u00a0\u00c7a va co\u00fbter beaucoup d&rsquo;argent public\u00a0\u00bb.<\/p>\n\n\n\n<figure class=\"wp-block-image size-large\"><img loading=\"lazy\" decoding=\"async\" width=\"1024\" height=\"580\" src=\"https:\/\/brest-ecologie.bzh\/wp-content\/uploads\/2024\/01\/La-parcelle-du-Froutven-ou-doit-etre-erige-lArkea-Park-un-stade-de-15.000-places.-\u00a9-Radio-France-Nicolas-Olivier-1024x580.jpg\" alt=\"\" class=\"wp-image-3987\" srcset=\"https:\/\/brest-ecologie.bzh\/wp-content\/uploads\/2024\/01\/La-parcelle-du-Froutven-ou-doit-etre-erige-lArkea-Park-un-stade-de-15.000-places.-\u00a9-Radio-France-Nicolas-Olivier-1024x580.jpg 1024w, https:\/\/brest-ecologie.bzh\/wp-content\/uploads\/2024\/01\/La-parcelle-du-Froutven-ou-doit-etre-erige-lArkea-Park-un-stade-de-15.000-places.-\u00a9-Radio-France-Nicolas-Olivier-300x170.jpg 300w, https:\/\/brest-ecologie.bzh\/wp-content\/uploads\/2024\/01\/La-parcelle-du-Froutven-ou-doit-etre-erige-lArkea-Park-un-stade-de-15.000-places.-\u00a9-Radio-France-Nicolas-Olivier-768x435.jpg 768w, https:\/\/brest-ecologie.bzh\/wp-content\/uploads\/2024\/01\/La-parcelle-du-Froutven-ou-doit-etre-erige-lArkea-Park-un-stade-de-15.000-places.-\u00a9-Radio-France-Nicolas-Olivier.jpg 1200w\" sizes=\"auto, (max-width: 1024px) 100vw, 1024px\" \/><figcaption class=\"wp-element-caption\">La parcelle du Froutven o\u00f9 doit \u00eatre \u00e9rig\u00e9 l&rsquo;Ark\u00e9a Park, un stade de 15.000 places. \u00a9 Radio France &#8211; Nicolas Olivier<\/figcaption><\/figure>\n\n\n\n<p>Extrait de l&rsquo;interview, <a href=\"https:\/\/www.francebleu.fr\/infos\/societe\/nouveau-stade-a-brest-ca-va-couter-beaucoup-d-argent-public-redoute-l-elu-ecologiste-glen-dissaux-7532064\">\u00e0 retrouver en int\u00e9gralit\u00e9 sur France Bleu Breizh Izel<\/a> :<\/p>\n\n\n\n<p><strong>France Bleu Breizh Izel&nbsp;: Quand vous entendez Denis Le Saint dire que c&rsquo;est quasiment boucl\u00e9, que le permis de construire devrait \u00eatre d\u00e9pos\u00e9 dans quelques mois, vous vous dites quoi&nbsp;? \u00c7a y est, c&rsquo;est fait&nbsp;?<\/strong><\/p>\n\n\n\n<p>Glen Dissaux&nbsp;: Non, je trouve qu&rsquo;il va un peu vite en besogne. D&rsquo;ailleurs on voit bien parce qu&rsquo;ils ont un peu de mal \u00e0 annoncer les chiffres, la vraie copie financi\u00e8re, quelle sera la part d&rsquo;argent public dans le projet. Moi je continue de penser que la part de l&rsquo;argent public sera extr\u00eamement importante dans ce projet-l\u00e0, contrairement \u00e0 ce qui avait \u00e9t\u00e9 annonc\u00e9 il y a quelques ann\u00e9es. On n&rsquo;est plus du tout sur un mod\u00e8le 100% priv\u00e9. Et on voit bien que dans la conjoncture d&rsquo;aujourd&rsquo;hui, avec tous les besoins qu&rsquo;il y a sur le territoire, les diff\u00e9rents acteurs publics ont de plus en plus de mal \u00e0 financer ce genre de projets, c&rsquo;est pour \u00e7a qu&rsquo;il y a du retard.<\/p>\n\n\n\n<p><strong>Sur les 106,5 millions d&rsquo;euros du projet, \u00e7a pourrait co\u00fbter combien \u00e0 la collectivit\u00e9&nbsp;?<\/strong><\/p>\n\n\n\n<p>L\u00e0 encore j&rsquo;attends de voir ce que les porteurs du projet vont nous pr\u00e9senter. J&rsquo;ai peur justement que les collectivit\u00e9s territoriales soient sollicit\u00e9es de fa\u00e7on beaucoup trop importante alors qu&rsquo;on a de v\u00e9ritables urgences sur le territoire. A la m\u00e9tropole, on va voter le budget 2024 le 2 f\u00e9vrier. Je vois la premi\u00e8re contribution, la premi\u00e8re subvention qui est sollicit\u00e9e est \u00e0 hauteur de 10 millions d&rsquo;euros. 10 millions d&rsquo;euros c&rsquo;est la r\u00e9novation thermique de cinq \u00e9coles donc \u00e0 un moment donn\u00e9 il va falloir questionner les priorit\u00e9s. Et ce n&rsquo;est que le d\u00e9but, le ticket d&rsquo;entr\u00e9e d&rsquo;un projet qui co\u00fbtera beaucoup, beaucoup plus d&rsquo;argent public.<\/p>\n\n\n\n<p><a href=\"https:\/\/www.francebleu.fr\/infos\/societe\/nouveau-stade-a-brest-ca-va-couter-beaucoup-d-argent-public-redoute-l-elu-ecologiste-glen-dissaux-7532064\">[&#8230;]<\/a><\/p>\n\n\n\n<p><strong>Le vote du budget le 2 f\u00e9vrier sera-t-il d\u00e9cisif&nbsp;?<\/strong><\/p>\n\n\n\n<p>D\u00e9cisif peut-\u00eatre pas mais c&rsquo;est la premi\u00e8re concr\u00e9tisation de la volont\u00e9 ou non de la m\u00e9tropole de s&rsquo;investir et de mettre de l&rsquo;argent public dans ce projet-l\u00e0. Les v\u00e9ritables d\u00e9lib\u00e9rations arriveront dans les semaines ou les mois qui viennent pour vraiment comprendre le montage financier, le foncier, l&rsquo;urbanisme, la participation \u00e0 la soci\u00e9t\u00e9 de projet, les \u00e9ventuelles subventions imagin\u00e9es par tous les acteurs. L\u00e0, ce sera d\u00e9cisif. Mais il va falloir que les porteurs du projet communiquent en amont. Combien eux mettent d&rsquo;argent&nbsp;? Sur un projet estim\u00e9 \u00e0 106,5 millions -et l\u00e0 on prend pas tous les am\u00e9nagements publics, c&rsquo;est plut\u00f4t un projet \u00e0 130, 140 millions. Et je ne parle pas de l&rsquo;inflation, de la hausse des co\u00fbts dans le BTP. Moi j&rsquo;ai peur qu&rsquo;on arrive \u00e0 un projet un peu plus cher que \u00e7a. Combien mettent les porteurs de projet l\u00e0-dedans, combien il y aura d&rsquo;argent public&nbsp;? C&rsquo;est \u00e7a qu&rsquo;il faut d&rsquo;abord \u00e9lucider.<\/p>\n","protected":false},"excerpt":{"rendered":"<p>Alors que la pression autour du futur stade au Froutven commence \u00e0 monter, retrouvez une interview de Glen Dissaux qui r\u00e9interroge la pertinence de ce projet et les risques \u00e9conomiques et environnementaux qui pourraient \u00eatre pris : \u00ab\u00a0\u00c7a va co\u00fbter beaucoup d&rsquo;argent public\u00a0\u00bb. Extrait de l&rsquo;interview, \u00e0 retrouver en int\u00e9gralit\u00e9 sur France Bleu Breizh Izel&hellip;<a href=\"https:\/\/brest-ecologie.bzh\/?p=3986\" class=\"more-link\"><span>Lire la suite<\/span><span class=\"screen-reader-text\">Projet de nouveau stade \u00e0 Brest &#8211; Interview de Glen Dissaux sur France Bleu<\/span><\/a><\/p>\n","protected":false},"author":2,"featured_media":3774,"comment_status":"open","ping_status":"open","sticky":false,"template":"","format":"standard","meta":{"footnotes":""},"categories":[5,8,64,33],"tags":[],"class_list":["post-3986","post","type-post","status-publish","format-standard","has-post-thumbnail","hentry","category-actualites","category-presse","category-stade","category-transitions-ecologiques"],"yoast_head":"<!-- This site is optimized with the Yoast SEO plugin v23.0 - https:\/\/yoast.com\/wordpress\/plugins\/seo\/ -->\n<title>Projet de nouveau stade \u00e0 Brest - Interview de Glen Dissaux sur France Bleu - Elu\u00b7es \u00e9cologistes Brest<\/title>\n<meta name=\"robots\" content=\"index, follow, max-snippet:-1, max-image-preview:large, max-video-preview:-1\" \/>\n<link rel=\"canonical\" href=\"https:\/\/brest-ecologie.bzh\/?p=3986\" \/>\n<meta property=\"og:locale\" content=\"fr_FR\" \/>\n<meta property=\"og:type\" content=\"article\" \/>\n<meta property=\"og:title\" content=\"Projet de nouveau stade \u00e0 Brest - Interview de Glen Dissaux sur France Bleu - Elu\u00b7es \u00e9cologistes Brest\" \/>\n<meta property=\"og:description\" content=\"Alors que la pression autour du futur stade au Froutven commence \u00e0 monter, retrouvez une interview de Glen Dissaux qui r\u00e9interroge la pertinence de ce projet et les risques \u00e9conomiques et environnementaux qui pourraient \u00eatre pris : \u00ab\u00a0\u00c7a va co\u00fbter beaucoup d&rsquo;argent public\u00a0\u00bb. Extrait de l&rsquo;interview, \u00e0 retrouver en int\u00e9gralit\u00e9 sur France Bleu Breizh Izel&hellip;Lire la suiteProjet de nouveau stade \u00e0 Brest - Interview de Glen Dissaux sur France Bleu\" \/>\n<meta property=\"og:url\" content=\"https:\/\/brest-ecologie.bzh\/?p=3986\" \/>\n<meta property=\"og:site_name\" content=\"Elu\u00b7es \u00e9cologistes Brest\" \/>\n<meta property=\"article:publisher\" content=\"https:\/\/www.facebook.com\/Elu.e.sEcoloBrest\" \/>\n<meta property=\"article:published_time\" content=\"2024-01-17T14:13:38+00:00\" \/>\n<meta property=\"article:modified_time\" content=\"2024-02-08T14:39:01+00:00\" \/>\n<meta property=\"og:image\" content=\"https:\/\/brest-ecologie.bzh\/wp-content\/uploads\/2023\/07\/stade_Francis_LeBle.jpg\" \/>\n\t<meta property=\"og:image:width\" content=\"2048\" \/>\n\t<meta property=\"og:image:height\" content=\"1154\" \/>\n\t<meta property=\"og:image:type\" content=\"image\/jpeg\" \/>\n<meta name=\"author\" content=\"Marie Jabbar\" \/>\n<meta name=\"twitter:card\" content=\"summary_large_image\" \/>\n<meta name=\"twitter:creator\" content=\"@BrestEcologie\" \/>\n<meta name=\"twitter:site\" content=\"@BrestEcologie\" \/>\n<meta name=\"twitter:label1\" content=\"\u00c9crit par\" \/>\n\t<meta name=\"twitter:data1\" content=\"Marie Jabbar\" \/>\n\t<meta name=\"twitter:label2\" content=\"Dur\u00e9e de lecture estim\u00e9e\" \/>\n\t<meta name=\"twitter:data2\" content=\"3 minutes\" \/>\n<script type=\"application\/ld+json\" class=\"yoast-schema-graph\">{\"@context\":\"https:\/\/schema.org\",\"@graph\":[{\"@type\":\"Article\",\"@id\":\"https:\/\/brest-ecologie.bzh\/?p=3986#article\",\"isPartOf\":{\"@id\":\"https:\/\/brest-ecologie.bzh\/?p=3986\"},\"author\":{\"name\":\"Marie Jabbar\",\"@id\":\"https:\/\/brest-ecologie.bzh\/#\/schema\/person\/70b96da820e85c4efc3348c4c49651f7\"},\"headline\":\"Projet de nouveau stade \u00e0 Brest &#8211; Interview de Glen Dissaux sur France Bleu\",\"datePublished\":\"2024-01-17T14:13:38+00:00\",\"dateModified\":\"2024-02-08T14:39:01+00:00\",\"mainEntityOfPage\":{\"@id\":\"https:\/\/brest-ecologie.bzh\/?p=3986\"},\"wordCount\":557,\"commentCount\":3,\"publisher\":{\"@id\":\"https:\/\/brest-ecologie.bzh\/#organization\"},\"image\":{\"@id\":\"https:\/\/brest-ecologie.bzh\/?p=3986#primaryimage\"},\"thumbnailUrl\":\"https:\/\/brest-ecologie.bzh\/wp-content\/uploads\/2023\/07\/stade_Francis_LeBle.jpg\",\"articleSection\":[\"Actualit\u00e9s\",\"Presse\",\"Stade\",\"Transitions \u00e9cologiques\"],\"inLanguage\":\"fr-FR\",\"potentialAction\":[{\"@type\":\"CommentAction\",\"name\":\"Comment\",\"target\":[\"https:\/\/brest-ecologie.bzh\/?p=3986#respond\"]}]},{\"@type\":\"WebPage\",\"@id\":\"https:\/\/brest-ecologie.bzh\/?p=3986\",\"url\":\"https:\/\/brest-ecologie.bzh\/?p=3986\",\"name\":\"Projet de nouveau stade \u00e0 Brest - Interview de Glen Dissaux sur France Bleu - Elu\u00b7es \u00e9cologistes Brest\",\"isPartOf\":{\"@id\":\"https:\/\/brest-ecologie.bzh\/#website\"},\"primaryImageOfPage\":{\"@id\":\"https:\/\/brest-ecologie.bzh\/?p=3986#primaryimage\"},\"image\":{\"@id\":\"https:\/\/brest-ecologie.bzh\/?p=3986#primaryimage\"},\"thumbnailUrl\":\"https:\/\/brest-ecologie.bzh\/wp-content\/uploads\/2023\/07\/stade_Francis_LeBle.jpg\",\"datePublished\":\"2024-01-17T14:13:38+00:00\",\"dateModified\":\"2024-02-08T14:39:01+00:00\",\"breadcrumb\":{\"@id\":\"https:\/\/brest-ecologie.bzh\/?p=3986#breadcrumb\"},\"inLanguage\":\"fr-FR\",\"potentialAction\":[{\"@type\":\"ReadAction\",\"target\":[\"https:\/\/brest-ecologie.bzh\/?p=3986\"]}]},{\"@type\":\"ImageObject\",\"inLanguage\":\"fr-FR\",\"@id\":\"https:\/\/brest-ecologie.bzh\/?p=3986#primaryimage\",\"url\":\"https:\/\/brest-ecologie.bzh\/wp-content\/uploads\/2023\/07\/stade_Francis_LeBle.jpg\",\"contentUrl\":\"https:\/\/brest-ecologie.bzh\/wp-content\/uploads\/2023\/07\/stade_Francis_LeBle.jpg\",\"width\":2048,\"height\":1154},{\"@type\":\"BreadcrumbList\",\"@id\":\"https:\/\/brest-ecologie.bzh\/?p=3986#breadcrumb\",\"itemListElement\":[{\"@type\":\"ListItem\",\"position\":1,\"name\":\"Accueil\",\"item\":\"https:\/\/brest-ecologie.bzh\/\"},{\"@type\":\"ListItem\",\"position\":2,\"name\":\"Projet de nouveau stade \u00e0 Brest &#8211; Interview de Glen Dissaux sur France Bleu\"}]},{\"@type\":\"WebSite\",\"@id\":\"https:\/\/brest-ecologie.bzh\/#website\",\"url\":\"https:\/\/brest-ecologie.bzh\/\",\"name\":\"Elu\u00b7e\u00b7s \u00e9cologistes Brest\",\"description\":\"\",\"publisher\":{\"@id\":\"https:\/\/brest-ecologie.bzh\/#organization\"},\"potentialAction\":[{\"@type\":\"SearchAction\",\"target\":{\"@type\":\"EntryPoint\",\"urlTemplate\":\"https:\/\/brest-ecologie.bzh\/?s={search_term_string}\"},\"query-input\":\"required name=search_term_string\"}],\"inLanguage\":\"fr-FR\"},{\"@type\":\"Organization\",\"@id\":\"https:\/\/brest-ecologie.bzh\/#organization\",\"name\":\"Elu\u00b7e\u00b7s \u00e9cologistes de Brest ville et m\u00e9tropole\",\"url\":\"https:\/\/brest-ecologie.bzh\/\",\"logo\":{\"@type\":\"ImageObject\",\"inLanguage\":\"fr-FR\",\"@id\":\"https:\/\/brest-ecologie.bzh\/#\/schema\/logo\/image\/\",\"url\":\"https:\/\/brest-ecologie.bzh\/wp-content\/uploads\/2021\/02\/logo-elus.png\",\"contentUrl\":\"https:\/\/brest-ecologie.bzh\/wp-content\/uploads\/2021\/02\/logo-elus.png\",\"width\":2300,\"height\":921,\"caption\":\"Elu\u00b7e\u00b7s \u00e9cologistes de Brest ville et m\u00e9tropole\"},\"image\":{\"@id\":\"https:\/\/brest-ecologie.bzh\/#\/schema\/logo\/image\/\"},\"sameAs\":[\"https:\/\/www.facebook.com\/Elu.e.sEcoloBrest\",\"https:\/\/x.com\/BrestEcologie\",\"https:\/\/www.youtube.com\/channel\/UCF26X4ImxDdDiydIKxoA2WA\"]},{\"@type\":\"Person\",\"@id\":\"https:\/\/brest-ecologie.bzh\/#\/schema\/person\/70b96da820e85c4efc3348c4c49651f7\",\"name\":\"Marie Jabbar\",\"image\":{\"@type\":\"ImageObject\",\"inLanguage\":\"fr-FR\",\"@id\":\"https:\/\/brest-ecologie.bzh\/#\/schema\/person\/image\/\",\"url\":\"https:\/\/secure.gravatar.com\/avatar\/99a71328c63537f5756a5588630a8d3fc5fd854637d174b454f2b02a18615f20?s=96&d=mm&r=g\",\"contentUrl\":\"https:\/\/secure.gravatar.com\/avatar\/99a71328c63537f5756a5588630a8d3fc5fd854637d174b454f2b02a18615f20?s=96&d=mm&r=g\",\"caption\":\"Marie Jabbar\"}}]}<\/script>\n<!-- \/ Yoast SEO plugin. -->","yoast_head_json":{"title":"Projet de nouveau stade \u00e0 Brest - Interview de Glen Dissaux sur France Bleu - Elu\u00b7es \u00e9cologistes Brest","robots":{"index":"index","follow":"follow","max-snippet":"max-snippet:-1","max-image-preview":"max-image-preview:large","max-video-preview":"max-video-preview:-1"},"canonical":"https:\/\/brest-ecologie.bzh\/?p=3986","og_locale":"fr_FR","og_type":"article","og_title":"Projet de nouveau stade \u00e0 Brest - Interview de Glen Dissaux sur France Bleu - Elu\u00b7es \u00e9cologistes Brest","og_description":"Alors que la pression autour du futur stade au Froutven commence \u00e0 monter, retrouvez une interview de Glen Dissaux qui r\u00e9interroge la pertinence de ce projet et les risques \u00e9conomiques et environnementaux qui pourraient \u00eatre pris : \u00ab\u00a0\u00c7a va co\u00fbter beaucoup d&rsquo;argent public\u00a0\u00bb. Extrait de l&rsquo;interview, \u00e0 retrouver en int\u00e9gralit\u00e9 sur France Bleu Breizh Izel&hellip;Lire la suiteProjet de nouveau stade \u00e0 Brest - Interview de Glen Dissaux sur France Bleu","og_url":"https:\/\/brest-ecologie.bzh\/?p=3986","og_site_name":"Elu\u00b7es \u00e9cologistes Brest","article_publisher":"https:\/\/www.facebook.com\/Elu.e.sEcoloBrest","article_published_time":"2024-01-17T14:13:38+00:00","article_modified_time":"2024-02-08T14:39:01+00:00","og_image":[{"width":2048,"height":1154,"url":"https:\/\/brest-ecologie.bzh\/wp-content\/uploads\/2023\/07\/stade_Francis_LeBle.jpg","type":"image\/jpeg"}],"author":"Marie Jabbar","twitter_card":"summary_large_image","twitter_creator":"@BrestEcologie","twitter_site":"@BrestEcologie","twitter_misc":{"\u00c9crit par":"Marie Jabbar","Dur\u00e9e de lecture estim\u00e9e":"3 minutes"},"schema":{"@context":"https:\/\/schema.org","@graph":[{"@type":"Article","@id":"https:\/\/brest-ecologie.bzh\/?p=3986#article","isPartOf":{"@id":"https:\/\/brest-ecologie.bzh\/?p=3986"},"author":{"name":"Marie Jabbar","@id":"https:\/\/brest-ecologie.bzh\/#\/schema\/person\/70b96da820e85c4efc3348c4c49651f7"},"headline":"Projet de nouveau stade \u00e0 Brest &#8211; Interview de Glen Dissaux sur France Bleu","datePublished":"2024-01-17T14:13:38+00:00","dateModified":"2024-02-08T14:39:01+00:00","mainEntityOfPage":{"@id":"https:\/\/brest-ecologie.bzh\/?p=3986"},"wordCount":557,"commentCount":3,"publisher":{"@id":"https:\/\/brest-ecologie.bzh\/#organization"},"image":{"@id":"https:\/\/brest-ecologie.bzh\/?p=3986#primaryimage"},"thumbnailUrl":"https:\/\/brest-ecologie.bzh\/wp-content\/uploads\/2023\/07\/stade_Francis_LeBle.jpg","articleSection":["Actualit\u00e9s","Presse","Stade","Transitions \u00e9cologiques"],"inLanguage":"fr-FR","potentialAction":[{"@type":"CommentAction","name":"Comment","target":["https:\/\/brest-ecologie.bzh\/?p=3986#respond"]}]},{"@type":"WebPage","@id":"https:\/\/brest-ecologie.bzh\/?p=3986","url":"https:\/\/brest-ecologie.bzh\/?p=3986","name":"Projet de nouveau stade \u00e0 Brest - Interview de Glen Dissaux sur France Bleu - Elu\u00b7es \u00e9cologistes Brest","isPartOf":{"@id":"https:\/\/brest-ecologie.bzh\/#website"},"primaryImageOfPage":{"@id":"https:\/\/brest-ecologie.bzh\/?p=3986#primaryimage"},"image":{"@id":"https:\/\/brest-ecologie.bzh\/?p=3986#primaryimage"},"thumbnailUrl":"https:\/\/brest-ecologie.bzh\/wp-content\/uploads\/2023\/07\/stade_Francis_LeBle.jpg","datePublished":"2024-01-17T14:13:38+00:00","dateModified":"2024-02-08T14:39:01+00:00","breadcrumb":{"@id":"https:\/\/brest-ecologie.bzh\/?p=3986#breadcrumb"},"inLanguage":"fr-FR","potentialAction":[{"@type":"ReadAction","target":["https:\/\/brest-ecologie.bzh\/?p=3986"]}]},{"@type":"ImageObject","inLanguage":"fr-FR","@id":"https:\/\/brest-ecologie.bzh\/?p=3986#primaryimage","url":"https:\/\/brest-ecologie.bzh\/wp-content\/uploads\/2023\/07\/stade_Francis_LeBle.jpg","contentUrl":"https:\/\/brest-ecologie.bzh\/wp-content\/uploads\/2023\/07\/stade_Francis_LeBle.jpg","width":2048,"height":1154},{"@type":"BreadcrumbList","@id":"https:\/\/brest-ecologie.bzh\/?p=3986#breadcrumb","itemListElement":[{"@type":"ListItem","position":1,"name":"Accueil","item":"https:\/\/brest-ecologie.bzh\/"},{"@type":"ListItem","position":2,"name":"Projet de nouveau stade \u00e0 Brest &#8211; Interview de Glen Dissaux sur France Bleu"}]},{"@type":"WebSite","@id":"https:\/\/brest-ecologie.bzh\/#website","url":"https:\/\/brest-ecologie.bzh\/","name":"Elu\u00b7e\u00b7s \u00e9cologistes Brest","description":"","publisher":{"@id":"https:\/\/brest-ecologie.bzh\/#organization"},"potentialAction":[{"@type":"SearchAction","target":{"@type":"EntryPoint","urlTemplate":"https:\/\/brest-ecologie.bzh\/?s={search_term_string}"},"query-input":"required name=search_term_string"}],"inLanguage":"fr-FR"},{"@type":"Organization","@id":"https:\/\/brest-ecologie.bzh\/#organization","name":"Elu\u00b7e\u00b7s \u00e9cologistes de Brest ville et m\u00e9tropole","url":"https:\/\/brest-ecologie.bzh\/","logo":{"@type":"ImageObject","inLanguage":"fr-FR","@id":"https:\/\/brest-ecologie.bzh\/#\/schema\/logo\/image\/","url":"https:\/\/brest-ecologie.bzh\/wp-content\/uploads\/2021\/02\/logo-elus.png","contentUrl":"https:\/\/brest-ecologie.bzh\/wp-content\/uploads\/2021\/02\/logo-elus.png","width":2300,"height":921,"caption":"Elu\u00b7e\u00b7s \u00e9cologistes de Brest ville et m\u00e9tropole"},"image":{"@id":"https:\/\/brest-ecologie.bzh\/#\/schema\/logo\/image\/"},"sameAs":["https:\/\/www.facebook.com\/Elu.e.sEcoloBrest","https:\/\/x.com\/BrestEcologie","https:\/\/www.youtube.com\/channel\/UCF26X4ImxDdDiydIKxoA2WA"]},{"@type":"Person","@id":"https:\/\/brest-ecologie.bzh\/#\/schema\/person\/70b96da820e85c4efc3348c4c49651f7","name":"Marie Jabbar","image":{"@type":"ImageObject","inLanguage":"fr-FR","@id":"https:\/\/brest-ecologie.bzh\/#\/schema\/person\/image\/","url":"https:\/\/secure.gravatar.com\/avatar\/99a71328c63537f5756a5588630a8d3fc5fd854637d174b454f2b02a18615f20?s=96&d=mm&r=g","contentUrl":"https:\/\/secure.gravatar.com\/avatar\/99a71328c63537f5756a5588630a8d3fc5fd854637d174b454f2b02a18615f20?s=96&d=mm&r=g","caption":"Marie Jabbar"}}]}},"_links":{"self":[{"href":"https:\/\/brest-ecologie.bzh\/index.php?rest_route=\/wp\/v2\/posts\/3986","targetHints":{"allow":["GET"]}}],"collection":[{"href":"https:\/\/brest-ecologie.bzh\/index.php?rest_route=\/wp\/v2\/posts"}],"about":[{"href":"https:\/\/brest-ecologie.bzh\/index.php?rest_route=\/wp\/v2\/types\/post"}],"author":[{"embeddable":true,"href":"https:\/\/brest-ecologie.bzh\/index.php?rest_route=\/wp\/v2\/users\/2"}],"replies":[{"embeddable":true,"href":"https:\/\/brest-ecologie.bzh\/index.php?rest_route=%2Fwp%2Fv2%2Fcomments&post=3986"}],"version-history":[{"count":1,"href":"https:\/\/brest-ecologie.bzh\/index.php?rest_route=\/wp\/v2\/posts\/3986\/revisions"}],"predecessor-version":[{"id":3988,"href":"https:\/\/brest-ecologie.bzh\/index.php?rest_route=\/wp\/v2\/posts\/3986\/revisions\/3988"}],"wp:featuredmedia":[{"embeddable":true,"href":"https:\/\/brest-ecologie.bzh\/index.php?rest_route=\/wp\/v2\/media\/3774"}],"wp:attachment":[{"href":"https:\/\/brest-ecologie.bzh\/index.php?rest_route=%2Fwp%2Fv2%2Fmedia&parent=3986"}],"wp:term":[{"taxonomy":"category","embeddable":true,"href":"https:\/\/brest-ecologie.bzh\/index.php?rest_route=%2Fwp%2Fv2%2Fcategories&post=3986"},{"taxonomy":"post_tag","embeddable":true,"href":"https:\/\/brest-ecologie.bzh\/index.php?rest_route=%2Fwp%2Fv2%2Ftags&post=3986"}],"curies":[{"name":"wp","href":"https:\/\/api.w.org\/{rel}","templated":true}]}}