{"id":3992,"date":"2024-01-24T11:29:18","date_gmt":"2024-01-24T10:29:18","guid":{"rendered":"https:\/\/brest-ecologie.bzh\/?p=3992"},"modified":"2024-01-24T11:29:21","modified_gmt":"2024-01-24T10:29:21","slug":"jeunesse-climat-ecologie","status":"publish","type":"post","link":"https:\/\/brest-ecologie.bzh\/?p=3992","title":{"rendered":"Les jeunes r\u00e9clament une justice climatique et sociale"},"content":{"rendered":"\n<p class=\"has-text-align-center\">Tribune politique des \u00e9lu-e-s \u00e9cologistes parue dans le <a href=\"https:\/\/brest.fr\/le-magazine-sillage\">magazine Sillage <\/a>de d\u00e9cembre et janvier<\/p>\n\n\n\n<figure class=\"wp-block-image size-full\"><img loading=\"lazy\" decoding=\"async\" width=\"706\" height=\"320\" src=\"https:\/\/brest-ecologie.bzh\/wp-content\/uploads\/2024\/01\/sillage_decembre.png\" alt=\"\" class=\"wp-image-3994\" srcset=\"https:\/\/brest-ecologie.bzh\/wp-content\/uploads\/2024\/01\/sillage_decembre.png 706w, https:\/\/brest-ecologie.bzh\/wp-content\/uploads\/2024\/01\/sillage_decembre-300x136.png 300w\" sizes=\"auto, (max-width: 706px) 100vw, 706px\" \/><\/figure>\n\n\n\n<p>Le 3 novembre dernier, le Pr\u00e9sident de la R\u00e9publique s\u2019est rendu \u00e0 Plougastel-Daoulas suite \u00e0 la temp\u00eate Ciaran. <strong>Malo, 17 ans, l\u2019interpelle au sujet de l\u2019urgence climatique et exprime ses craintes pour l\u2019avenir. <\/strong>Il se voit r\u00e9torquer avec d\u00e9dain qu\u2019il a \u201cbeaucoup de certitudes \u00e0 son \u00e2ge\u201d et qu\u2019il lui faudrait se documenter. Le Pr\u00e9sident Macron qualifiera le lendemain les propos de Malo \u201cd\u2019excessifs\u201d.<\/p>\n\n\n\n<p>On pourrait retourner le compliment au Pr\u00e9sident. Mais quelle condescendance et <strong>quel aveu d&rsquo;impuissance face \u00e0 ce jeune porte-parole \u00e9ph\u00e9m\u00e8re d\u2019une jeunesse bien consciente des enjeux climatiques <\/strong>!<\/p>\n\n\n\n<h4 class=\"wp-block-heading\"><strong>L&rsquo;inqui\u00e9tude des jeunes pour l&rsquo;avenir<\/strong><\/h4>\n\n\n\n<p>Le<strong> sondage \u201cJeunesse et confiance 2023\u201d<\/strong> lanc\u00e9 par le groupe de r\u00e9flexion Vers le Haut r\u00e9v\u00e8le un \u00e9tat d\u2019esprit des jeunes fran\u00e7ais peu optimiste pour l\u2019avenir. La question environnementale occupe la seconde place des pr\u00e9occupations. Pour 75 % des jeunes, le changement climatique a un impact important sur leur capacit\u00e9 \u00e0 se projeter. 43\u00a0% pensent que les acteurs qui pourraient avoir un r\u00e9el impact, d\u00e9cideurs politiques, grandes entreprises, manquent de conscience environnementale\u00a0\u00bb.<\/p>\n\n\n\n<p>Et ils doutent de la capacit\u00e9 de l\u2019\u00c9tat \u00e0 \u201crelever le d\u00e9fi\u201d. On peut les comprendre, avec ce genre de r\u00e9ponse du Pr\u00e9sident Macron\u2026 Les gouvernements successifs ont refus\u00e9 d&rsquo;\u00e9couter les experts du GIEC et les scientifiques depuis 30 ans, et visiblement ce n\u2019est pas pr\u00e8s de changer : <strong>en 2023 en France, les 1% les plus riches ont pollu\u00e9 autant que les 2\/3 les plus pauvres.<\/strong> La Bretagne a v\u00e9cu le mois de septembre le plus chaud jamais enregistr\u00e9 puis la violence de la temp\u00eate Ciaran, dont les effets ont \u00e9t\u00e9 augment\u00e9 par le r\u00e9chauffement climatique.<\/p>\n\n\n\n<h4 class=\"wp-block-heading\"><strong>Une jeunesse et une r\u00e9alit\u00e9 m\u00e9pris\u00e9es, aux d\u00e9pends des moins ais\u00e9s<\/strong><\/h4>\n\n\n\n<p>Nous payons au prix fort les cons\u00e9quences du changement climatique et \u00e7a ne fait que commencer, au lieu d\u2019agir sur les causes pour prot\u00e9ger les populations et de penser au co\u00fbt de l\u2019inaction climatique. Les jeunes ont bien compris qu\u2019une soci\u00e9t\u00e9 plus juste et respectueuse de l\u2019environnement est n\u00e9cessaire pour leur futur. Nous devons les \u00e9couter.<\/p>\n\n\n\n<p><strong>Les \u00e9lu.e.s \u00e9cologistes de Brest<\/strong><br>Glen Dissaux, Marion Maury, Ronan Pichon, Nathalie Chaline, Gwendal Quiguer, Ga\u00eblle Morvan<\/p>\n\n\n\n<p><\/p>\n\n\n\n<p><em>Retrouvez les communiqu\u00e9s de presse et tribunes Sillage <a href=\"https:\/\/brest-ecologie.bzh\/?page_id=54\">ici<\/a><\/em><\/p>\n","protected":false},"excerpt":{"rendered":"<p>Tribune politique des \u00e9lu-e-s \u00e9cologistes sur la jeunesse, le climat et l&rsquo;inaction de l&rsquo;Etat. <a href=\"https:\/\/brest-ecologie.bzh\/?p=3992\" class=\"more-link\"><span>Lire la suite<\/span><span class=\"screen-reader-text\">Les jeunes r\u00e9clament une justice climatique et sociale<\/span><\/a><\/p>\n","protected":false},"author":7,"featured_media":3995,"comment_status":"open","ping_status":"open","sticky":false,"template":"","format":"standard","meta":{"footnotes":""},"categories":[5,8,33],"tags":[],"class_list":["post-3992","post","type-post","status-publish","format-standard","has-post-thumbnail","hentry","category-actualites","category-presse","category-transitions-ecologiques"],"yoast_head":"<!-- This site is optimized with the Yoast SEO plugin v23.0 - https:\/\/yoast.com\/wordpress\/plugins\/seo\/ -->\n<title>Les jeunes r\u00e9clament une justice climatique et sociale - Elu\u00b7es \u00e9cologistes Brest<\/title>\n<meta name=\"description\" content=\"Tribune politique des \u00e9lu-e-s \u00e9cologistes de Brest dans le magazine Sillage au sujet des menaces qui p\u00e8sent sur l&#039;eau.\" \/>\n<meta name=\"robots\" content=\"index, follow, max-snippet:-1, max-image-preview:large, max-video-preview:-1\" \/>\n<link rel=\"canonical\" href=\"https:\/\/brest-ecologie.bzh\/?p=3992\" \/>\n<meta property=\"og:locale\" content=\"fr_FR\" \/>\n<meta property=\"og:type\" content=\"article\" \/>\n<meta property=\"og:title\" content=\"Les jeunes r\u00e9clament une justice climatique et sociale - Elu\u00b7es \u00e9cologistes Brest\" \/>\n<meta property=\"og:description\" content=\"Tribune politique des \u00e9lu-e-s \u00e9cologistes de Brest dans le magazine Sillage au sujet des menaces qui p\u00e8sent sur l&#039;eau.\" \/>\n<meta property=\"og:url\" content=\"https:\/\/brest-ecologie.bzh\/?p=3992\" \/>\n<meta property=\"og:site_name\" content=\"Elu\u00b7es \u00e9cologistes Brest\" \/>\n<meta property=\"article:publisher\" content=\"https:\/\/www.facebook.com\/Elu.e.sEcoloBrest\" \/>\n<meta property=\"article:published_time\" content=\"2024-01-24T10:29:18+00:00\" \/>\n<meta property=\"article:modified_time\" content=\"2024-01-24T10:29:21+00:00\" \/>\n<meta property=\"og:image\" content=\"https:\/\/brest-ecologie.bzh\/wp-content\/uploads\/2024\/01\/Screenshot-2024-01-24-at-11-20-52-Sillage-n\u00b0261-Sillage_261.pdf.png\" \/>\n\t<meta property=\"og:image:width\" content=\"608\" \/>\n\t<meta property=\"og:image:height\" content=\"727\" \/>\n\t<meta property=\"og:image:type\" content=\"image\/png\" \/>\n<meta name=\"author\" content=\"MarionJ\" \/>\n<meta name=\"twitter:card\" content=\"summary_large_image\" \/>\n<meta name=\"twitter:creator\" content=\"@BrestEcologie\" \/>\n<meta name=\"twitter:site\" content=\"@BrestEcologie\" \/>\n<meta name=\"twitter:label1\" content=\"\u00c9crit par\" \/>\n\t<meta name=\"twitter:data1\" content=\"MarionJ\" \/>\n\t<meta name=\"twitter:label2\" content=\"Dur\u00e9e de lecture estim\u00e9e\" \/>\n\t<meta name=\"twitter:data2\" content=\"3 minutes\" \/>\n<script type=\"application\/ld+json\" class=\"yoast-schema-graph\">{\"@context\":\"https:\/\/schema.org\",\"@graph\":[{\"@type\":\"Article\",\"@id\":\"https:\/\/brest-ecologie.bzh\/?p=3992#article\",\"isPartOf\":{\"@id\":\"https:\/\/brest-ecologie.bzh\/?p=3992\"},\"author\":{\"name\":\"MarionJ\",\"@id\":\"https:\/\/brest-ecologie.bzh\/#\/schema\/person\/a118cebe79505a459b35d08d6b363c32\"},\"headline\":\"Les jeunes r\u00e9clament une justice climatique et sociale\",\"datePublished\":\"2024-01-24T10:29:18+00:00\",\"dateModified\":\"2024-01-24T10:29:21+00:00\",\"mainEntityOfPage\":{\"@id\":\"https:\/\/brest-ecologie.bzh\/?p=3992\"},\"wordCount\":420,\"commentCount\":0,\"publisher\":{\"@id\":\"https:\/\/brest-ecologie.bzh\/#organization\"},\"image\":{\"@id\":\"https:\/\/brest-ecologie.bzh\/?p=3992#primaryimage\"},\"thumbnailUrl\":\"https:\/\/brest-ecologie.bzh\/wp-content\/uploads\/2024\/01\/Screenshot-2024-01-24-at-11-20-52-Sillage-n\u00b0261-Sillage_261.pdf.png\",\"articleSection\":[\"Actualit\u00e9s\",\"Presse\",\"Transitions \u00e9cologiques\"],\"inLanguage\":\"fr-FR\",\"potentialAction\":[{\"@type\":\"CommentAction\",\"name\":\"Comment\",\"target\":[\"https:\/\/brest-ecologie.bzh\/?p=3992#respond\"]}]},{\"@type\":\"WebPage\",\"@id\":\"https:\/\/brest-ecologie.bzh\/?p=3992\",\"url\":\"https:\/\/brest-ecologie.bzh\/?p=3992\",\"name\":\"Les jeunes r\u00e9clament une justice climatique et sociale - Elu\u00b7es \u00e9cologistes Brest\",\"isPartOf\":{\"@id\":\"https:\/\/brest-ecologie.bzh\/#website\"},\"primaryImageOfPage\":{\"@id\":\"https:\/\/brest-ecologie.bzh\/?p=3992#primaryimage\"},\"image\":{\"@id\":\"https:\/\/brest-ecologie.bzh\/?p=3992#primaryimage\"},\"thumbnailUrl\":\"https:\/\/brest-ecologie.bzh\/wp-content\/uploads\/2024\/01\/Screenshot-2024-01-24-at-11-20-52-Sillage-n\u00b0261-Sillage_261.pdf.png\",\"datePublished\":\"2024-01-24T10:29:18+00:00\",\"dateModified\":\"2024-01-24T10:29:21+00:00\",\"description\":\"Tribune politique des \u00e9lu-e-s \u00e9cologistes de Brest dans le magazine Sillage au sujet des menaces qui p\u00e8sent sur l'eau.\",\"breadcrumb\":{\"@id\":\"https:\/\/brest-ecologie.bzh\/?p=3992#breadcrumb\"},\"inLanguage\":\"fr-FR\",\"potentialAction\":[{\"@type\":\"ReadAction\",\"target\":[\"https:\/\/brest-ecologie.bzh\/?p=3992\"]}]},{\"@type\":\"ImageObject\",\"inLanguage\":\"fr-FR\",\"@id\":\"https:\/\/brest-ecologie.bzh\/?p=3992#primaryimage\",\"url\":\"https:\/\/brest-ecologie.bzh\/wp-content\/uploads\/2024\/01\/Screenshot-2024-01-24-at-11-20-52-Sillage-n\u00b0261-Sillage_261.pdf.png\",\"contentUrl\":\"https:\/\/brest-ecologie.bzh\/wp-content\/uploads\/2024\/01\/Screenshot-2024-01-24-at-11-20-52-Sillage-n\u00b0261-Sillage_261.pdf.png\",\"width\":608,\"height\":727,\"caption\":\"Magazine Sillage d\u00e9cembre 2023 janvier 2024\"},{\"@type\":\"BreadcrumbList\",\"@id\":\"https:\/\/brest-ecologie.bzh\/?p=3992#breadcrumb\",\"itemListElement\":[{\"@type\":\"ListItem\",\"position\":1,\"name\":\"Accueil\",\"item\":\"https:\/\/brest-ecologie.bzh\/\"},{\"@type\":\"ListItem\",\"position\":2,\"name\":\"Les jeunes r\u00e9clament une justice climatique et sociale\"}]},{\"@type\":\"WebSite\",\"@id\":\"https:\/\/brest-ecologie.bzh\/#website\",\"url\":\"https:\/\/brest-ecologie.bzh\/\",\"name\":\"Elu\u00b7e\u00b7s \u00e9cologistes Brest\",\"description\":\"\",\"publisher\":{\"@id\":\"https:\/\/brest-ecologie.bzh\/#organization\"},\"potentialAction\":[{\"@type\":\"SearchAction\",\"target\":{\"@type\":\"EntryPoint\",\"urlTemplate\":\"https:\/\/brest-ecologie.bzh\/?s={search_term_string}\"},\"query-input\":\"required name=search_term_string\"}],\"inLanguage\":\"fr-FR\"},{\"@type\":\"Organization\",\"@id\":\"https:\/\/brest-ecologie.bzh\/#organization\",\"name\":\"Elu\u00b7e\u00b7s \u00e9cologistes de Brest ville et m\u00e9tropole\",\"url\":\"https:\/\/brest-ecologie.bzh\/\",\"logo\":{\"@type\":\"ImageObject\",\"inLanguage\":\"fr-FR\",\"@id\":\"https:\/\/brest-ecologie.bzh\/#\/schema\/logo\/image\/\",\"url\":\"https:\/\/brest-ecologie.bzh\/wp-content\/uploads\/2021\/02\/logo-elus.png\",\"contentUrl\":\"https:\/\/brest-ecologie.bzh\/wp-content\/uploads\/2021\/02\/logo-elus.png\",\"width\":2300,\"height\":921,\"caption\":\"Elu\u00b7e\u00b7s \u00e9cologistes de Brest ville et m\u00e9tropole\"},\"image\":{\"@id\":\"https:\/\/brest-ecologie.bzh\/#\/schema\/logo\/image\/\"},\"sameAs\":[\"https:\/\/www.facebook.com\/Elu.e.sEcoloBrest\",\"https:\/\/x.com\/BrestEcologie\",\"https:\/\/www.youtube.com\/channel\/UCF26X4ImxDdDiydIKxoA2WA\"]},{\"@type\":\"Person\",\"@id\":\"https:\/\/brest-ecologie.bzh\/#\/schema\/person\/a118cebe79505a459b35d08d6b363c32\",\"name\":\"MarionJ\",\"image\":{\"@type\":\"ImageObject\",\"inLanguage\":\"fr-FR\",\"@id\":\"https:\/\/brest-ecologie.bzh\/#\/schema\/person\/image\/\",\"url\":\"https:\/\/secure.gravatar.com\/avatar\/207d1000e3118e366bdb3f1cfcc304b2c8ae1517a8369df48b86fbeacba867fe?s=96&d=mm&r=g\",\"contentUrl\":\"https:\/\/secure.gravatar.com\/avatar\/207d1000e3118e366bdb3f1cfcc304b2c8ae1517a8369df48b86fbeacba867fe?s=96&d=mm&r=g\",\"caption\":\"MarionJ\"}}]}<\/script>\n<!-- \/ Yoast SEO plugin. -->","yoast_head_json":{"title":"Les jeunes r\u00e9clament une justice climatique et sociale - Elu\u00b7es \u00e9cologistes Brest","description":"Tribune politique des \u00e9lu-e-s \u00e9cologistes de Brest dans le magazine Sillage au sujet des menaces qui p\u00e8sent sur l'eau.","robots":{"index":"index","follow":"follow","max-snippet":"max-snippet:-1","max-image-preview":"max-image-preview:large","max-video-preview":"max-video-preview:-1"},"canonical":"https:\/\/brest-ecologie.bzh\/?p=3992","og_locale":"fr_FR","og_type":"article","og_title":"Les jeunes r\u00e9clament une justice climatique et sociale - Elu\u00b7es \u00e9cologistes Brest","og_description":"Tribune politique des \u00e9lu-e-s \u00e9cologistes de Brest dans le magazine Sillage au sujet des menaces qui p\u00e8sent sur l'eau.","og_url":"https:\/\/brest-ecologie.bzh\/?p=3992","og_site_name":"Elu\u00b7es \u00e9cologistes Brest","article_publisher":"https:\/\/www.facebook.com\/Elu.e.sEcoloBrest","article_published_time":"2024-01-24T10:29:18+00:00","article_modified_time":"2024-01-24T10:29:21+00:00","og_image":[{"width":608,"height":727,"url":"https:\/\/brest-ecologie.bzh\/wp-content\/uploads\/2024\/01\/Screenshot-2024-01-24-at-11-20-52-Sillage-n\u00b0261-Sillage_261.pdf.png","type":"image\/png"}],"author":"MarionJ","twitter_card":"summary_large_image","twitter_creator":"@BrestEcologie","twitter_site":"@BrestEcologie","twitter_misc":{"\u00c9crit par":"MarionJ","Dur\u00e9e de lecture estim\u00e9e":"3 minutes"},"schema":{"@context":"https:\/\/schema.org","@graph":[{"@type":"Article","@id":"https:\/\/brest-ecologie.bzh\/?p=3992#article","isPartOf":{"@id":"https:\/\/brest-ecologie.bzh\/?p=3992"},"author":{"name":"MarionJ","@id":"https:\/\/brest-ecologie.bzh\/#\/schema\/person\/a118cebe79505a459b35d08d6b363c32"},"headline":"Les jeunes r\u00e9clament une justice climatique et sociale","datePublished":"2024-01-24T10:29:18+00:00","dateModified":"2024-01-24T10:29:21+00:00","mainEntityOfPage":{"@id":"https:\/\/brest-ecologie.bzh\/?p=3992"},"wordCount":420,"commentCount":0,"publisher":{"@id":"https:\/\/brest-ecologie.bzh\/#organization"},"image":{"@id":"https:\/\/brest-ecologie.bzh\/?p=3992#primaryimage"},"thumbnailUrl":"https:\/\/brest-ecologie.bzh\/wp-content\/uploads\/2024\/01\/Screenshot-2024-01-24-at-11-20-52-Sillage-n\u00b0261-Sillage_261.pdf.png","articleSection":["Actualit\u00e9s","Presse","Transitions \u00e9cologiques"],"inLanguage":"fr-FR","potentialAction":[{"@type":"CommentAction","name":"Comment","target":["https:\/\/brest-ecologie.bzh\/?p=3992#respond"]}]},{"@type":"WebPage","@id":"https:\/\/brest-ecologie.bzh\/?p=3992","url":"https:\/\/brest-ecologie.bzh\/?p=3992","name":"Les jeunes r\u00e9clament une justice climatique et sociale - Elu\u00b7es \u00e9cologistes Brest","isPartOf":{"@id":"https:\/\/brest-ecologie.bzh\/#website"},"primaryImageOfPage":{"@id":"https:\/\/brest-ecologie.bzh\/?p=3992#primaryimage"},"image":{"@id":"https:\/\/brest-ecologie.bzh\/?p=3992#primaryimage"},"thumbnailUrl":"https:\/\/brest-ecologie.bzh\/wp-content\/uploads\/2024\/01\/Screenshot-2024-01-24-at-11-20-52-Sillage-n\u00b0261-Sillage_261.pdf.png","datePublished":"2024-01-24T10:29:18+00:00","dateModified":"2024-01-24T10:29:21+00:00","description":"Tribune politique des \u00e9lu-e-s \u00e9cologistes de Brest dans le magazine Sillage au sujet des menaces qui p\u00e8sent sur l'eau.","breadcrumb":{"@id":"https:\/\/brest-ecologie.bzh\/?p=3992#breadcrumb"},"inLanguage":"fr-FR","potentialAction":[{"@type":"ReadAction","target":["https:\/\/brest-ecologie.bzh\/?p=3992"]}]},{"@type":"ImageObject","inLanguage":"fr-FR","@id":"https:\/\/brest-ecologie.bzh\/?p=3992#primaryimage","url":"https:\/\/brest-ecologie.bzh\/wp-content\/uploads\/2024\/01\/Screenshot-2024-01-24-at-11-20-52-Sillage-n\u00b0261-Sillage_261.pdf.png","contentUrl":"https:\/\/brest-ecologie.bzh\/wp-content\/uploads\/2024\/01\/Screenshot-2024-01-24-at-11-20-52-Sillage-n\u00b0261-Sillage_261.pdf.png","width":608,"height":727,"caption":"Magazine Sillage d\u00e9cembre 2023 janvier 2024"},{"@type":"BreadcrumbList","@id":"https:\/\/brest-ecologie.bzh\/?p=3992#breadcrumb","itemListElement":[{"@type":"ListItem","position":1,"name":"Accueil","item":"https:\/\/brest-ecologie.bzh\/"},{"@type":"ListItem","position":2,"name":"Les jeunes r\u00e9clament une justice climatique et sociale"}]},{"@type":"WebSite","@id":"https:\/\/brest-ecologie.bzh\/#website","url":"https:\/\/brest-ecologie.bzh\/","name":"Elu\u00b7e\u00b7s \u00e9cologistes Brest","description":"","publisher":{"@id":"https:\/\/brest-ecologie.bzh\/#organization"},"potentialAction":[{"@type":"SearchAction","target":{"@type":"EntryPoint","urlTemplate":"https:\/\/brest-ecologie.bzh\/?s={search_term_string}"},"query-input":"required name=search_term_string"}],"inLanguage":"fr-FR"},{"@type":"Organization","@id":"https:\/\/brest-ecologie.bzh\/#organization","name":"Elu\u00b7e\u00b7s \u00e9cologistes de Brest ville et m\u00e9tropole","url":"https:\/\/brest-ecologie.bzh\/","logo":{"@type":"ImageObject","inLanguage":"fr-FR","@id":"https:\/\/brest-ecologie.bzh\/#\/schema\/logo\/image\/","url":"https:\/\/brest-ecologie.bzh\/wp-content\/uploads\/2021\/02\/logo-elus.png","contentUrl":"https:\/\/brest-ecologie.bzh\/wp-content\/uploads\/2021\/02\/logo-elus.png","width":2300,"height":921,"caption":"Elu\u00b7e\u00b7s \u00e9cologistes de Brest ville et m\u00e9tropole"},"image":{"@id":"https:\/\/brest-ecologie.bzh\/#\/schema\/logo\/image\/"},"sameAs":["https:\/\/www.facebook.com\/Elu.e.sEcoloBrest","https:\/\/x.com\/BrestEcologie","https:\/\/www.youtube.com\/channel\/UCF26X4ImxDdDiydIKxoA2WA"]},{"@type":"Person","@id":"https:\/\/brest-ecologie.bzh\/#\/schema\/person\/a118cebe79505a459b35d08d6b363c32","name":"MarionJ","image":{"@type":"ImageObject","inLanguage":"fr-FR","@id":"https:\/\/brest-ecologie.bzh\/#\/schema\/person\/image\/","url":"https:\/\/secure.gravatar.com\/avatar\/207d1000e3118e366bdb3f1cfcc304b2c8ae1517a8369df48b86fbeacba867fe?s=96&d=mm&r=g","contentUrl":"https:\/\/secure.gravatar.com\/avatar\/207d1000e3118e366bdb3f1cfcc304b2c8ae1517a8369df48b86fbeacba867fe?s=96&d=mm&r=g","caption":"MarionJ"}}]}},"_links":{"self":[{"href":"https:\/\/brest-ecologie.bzh\/index.php?rest_route=\/wp\/v2\/posts\/3992","targetHints":{"allow":["GET"]}}],"collection":[{"href":"https:\/\/brest-ecologie.bzh\/index.php?rest_route=\/wp\/v2\/posts"}],"about":[{"href":"https:\/\/brest-ecologie.bzh\/index.php?rest_route=\/wp\/v2\/types\/post"}],"author":[{"embeddable":true,"href":"https:\/\/brest-ecologie.bzh\/index.php?rest_route=\/wp\/v2\/users\/7"}],"replies":[{"embeddable":true,"href":"https:\/\/brest-ecologie.bzh\/index.php?rest_route=%2Fwp%2Fv2%2Fcomments&post=3992"}],"version-history":[{"count":1,"href":"https:\/\/brest-ecologie.bzh\/index.php?rest_route=\/wp\/v2\/posts\/3992\/revisions"}],"predecessor-version":[{"id":3996,"href":"https:\/\/brest-ecologie.bzh\/index.php?rest_route=\/wp\/v2\/posts\/3992\/revisions\/3996"}],"wp:featuredmedia":[{"embeddable":true,"href":"https:\/\/brest-ecologie.bzh\/index.php?rest_route=\/wp\/v2\/media\/3995"}],"wp:attachment":[{"href":"https:\/\/brest-ecologie.bzh\/index.php?rest_route=%2Fwp%2Fv2%2Fmedia&parent=3992"}],"wp:term":[{"taxonomy":"category","embeddable":true,"href":"https:\/\/brest-ecologie.bzh\/index.php?rest_route=%2Fwp%2Fv2%2Fcategories&post=3992"},{"taxonomy":"post_tag","embeddable":true,"href":"https:\/\/brest-ecologie.bzh\/index.php?rest_route=%2Fwp%2Fv2%2Ftags&post=3992"}],"curies":[{"name":"wp","href":"https:\/\/api.w.org\/{rel}","templated":true}]}}