{"id":3997,"date":"2024-01-24T14:28:30","date_gmt":"2024-01-24T13:28:30","guid":{"rendered":"https:\/\/brest-ecologie.bzh\/?p=3997"},"modified":"2024-01-24T15:31:38","modified_gmt":"2024-01-24T14:31:38","slug":"de-nouveaux-casiers-pour-les-personnes-sans-abri","status":"publish","type":"post","link":"https:\/\/brest-ecologie.bzh\/?p=3997","title":{"rendered":"De nouveaux casiers pour les personnes sans-abri"},"content":{"rendered":"\n<p><\/p>\n\n\n\n<p>Le 4 janvier 2024, Marion Maury, adjointe au maire \u00e0 l&rsquo;action sociale \u00e0 la ville de Brest, ainsi que Christiane Migot, conseill\u00e8re d\u00e9l\u00e9gu\u00e9e aux relations avec les associations du secteur social, \u00e9taient \u00e0 <a href=\"https:\/\/www.lahalte-brest.fr\/\">La Halte Accueil Fr\u00e9d\u00e9ric Ozanam<\/a>, pour l&rsquo;inauguration de nouveaux casiers solidaires pour les personnes sans domicile fixe.<\/p>\n\n\n\n<figure class=\"wp-block-image size-large\"><img loading=\"lazy\" decoding=\"async\" width=\"1024\" height=\"768\" src=\"https:\/\/brest-ecologie.bzh\/wp-content\/uploads\/2024\/01\/Marion-Casiers-solidaires-1024x768.jpg\" alt=\"\" class=\"wp-image-3998\" srcset=\"https:\/\/brest-ecologie.bzh\/wp-content\/uploads\/2024\/01\/Marion-Casiers-solidaires-1024x768.jpg 1024w, https:\/\/brest-ecologie.bzh\/wp-content\/uploads\/2024\/01\/Marion-Casiers-solidaires-300x225.jpg 300w, https:\/\/brest-ecologie.bzh\/wp-content\/uploads\/2024\/01\/Marion-Casiers-solidaires-768x576.jpg 768w, https:\/\/brest-ecologie.bzh\/wp-content\/uploads\/2024\/01\/Marion-Casiers-solidaires-1536x1152.jpg 1536w, https:\/\/brest-ecologie.bzh\/wp-content\/uploads\/2024\/01\/Marion-Casiers-solidaires-1200x900.jpg 1200w, https:\/\/brest-ecologie.bzh\/wp-content\/uploads\/2024\/01\/Marion-Casiers-solidaires-1980x1485.jpg 1980w, https:\/\/brest-ecologie.bzh\/wp-content\/uploads\/2024\/01\/Marion-Casiers-solidaires-1320x990.jpg 1320w, https:\/\/brest-ecologie.bzh\/wp-content\/uploads\/2024\/01\/Marion-Casiers-solidaires.jpg 2016w\" sizes=\"auto, (max-width: 1024px) 100vw, 1024px\" \/><\/figure>\n\n\n\n<p>L&rsquo;installation des casiers a \u00e9t\u00e9 l&rsquo;occasion pour Marion Maury de remercier chaleureusement la directrice Hajiba Abouz et B\u00e9n\u00e9dicte Kerdavid pour leur accueil et leur investissement dans ce projet.<\/p>\n\n\n\n<h4 class=\"wp-block-heading\">Un besoin fort r\u00e9v\u00e9l\u00e9 lors de la nuit de la solidarit\u00e9<\/h4>\n\n\n\n<p>Disposer de casiers s\u00e9curis\u00e9s pour stocker ses effets personnel. Ce souhait est revenu \u00e0 plusieurs reprises dans les r\u00e9ponses au questionnaire remis lors de la <a href=\"https:\/\/brest-ecologie.bzh\/?p=2554\">Nuit de la solidarit\u00e9<\/a> du 20 janvier 2022. Organis\u00e9 par la Ville de Brest, cet \u00e9v\u00e8nement avait permis d&rsquo;aller <strong>\u00e0 la rencontre des personnes sans abri \u00e0 Brest et de recenser leurs besoins.<\/strong> <\/p>\n\n\n\n<p>Apr\u00e8s une phase d&rsquo;analyse, <strong>la Ville de Brest s&rsquo;est engag\u00e9e \u00e0 soutenir les associations de solidarit\u00e9 <\/strong>pour d\u00e9ployer une offre de casiers pour le stockage des affaires et le rechargement de portables, \u00e9galement point\u00e9. <\/p>\n\n\n\n<p><strong>La Halte-Accueil Fr\u00e9d\u00e9ric Ozanam, de m\u00eame que l&rsquo;accueil de jour Le Phare de la Croix Rouge, ont r\u00e9pondu \u00e0 ce projet.<\/strong> L&rsquo;attribution de subventions compl\u00e9mentaires \u00e0 ces deux associations a donc \u00e9t\u00e9 vot\u00e9e lors du <a href=\"https:\/\/brest-ecologie.bzh\/?p=3758\">conseil municipal du 27 juin 2023<\/a>. <br><\/p>\n\n\n\n<h4 class=\"wp-block-heading\">Une offre de casiers renforc\u00e9e<\/h4>\n\n\n\n<p>Ainsi, 15 casiers ont \u00e9t\u00e9 install\u00e9s au Phare fin 2023. Depuis janvier 2024, La Halte-Accueil compte 4 <strong>grands casiers de longue dur\u00e9e,<\/strong> 8 <strong>casiers pour la bagagerie journali\u00e8re, <\/strong>ainsi qu&rsquo;une armoire de 10 <strong>casiers de chargement d&rsquo;appareils \u00e9lectroniques.<\/strong> Ces espaces de stockage viennent \u00e9toffer l&rsquo;offre jusqu&rsquo;ici concentr\u00e9e au Point Kerros qui proposait 26 casiers de longue dur\u00e9e. L&rsquo;offre reste n\u00e9anmoins encore \u00e0 d\u00e9velopper car les besoins sont importants. Si les nouveaux \u00e9quipements et leurs modalit\u00e9s de fonctionnement prouvent leur pertinence, les associations acquerront d&rsquo;autres casiers. <\/p>\n\n\n\n<p>En compl\u00e9ment de ces stockages h\u00e9berg\u00e9s dans des lieux d&rsquo;accueil associatifs, <strong>des casiers solidaires install\u00e9s sur l&rsquo;espace public, pourraient voir le jour gr\u00e2ce \u00e0 l&rsquo;initiative et la participation citoyenne.<\/strong> En effet, un citoyen, ancien sans-abri, a propos\u00e9 le projet \u00ab&nbsp;LaBoit\u00e0Toit&nbsp;\u00bb dans le cadre du budget participatif de Brest pour l&rsquo;installation de casiers dans la rue, accessibles 24h\/24. Avec 698 votes, ce projet s&rsquo;est plac\u00e9 au 1er rang des projets pr\u00e9-s\u00e9lectionn\u00e9s. <\/p>\n\n\n\n<p>De bonne augure pour la suite ! <\/p>\n\n\n\n<p><\/p>\n\n\n\n<p><strong><em>A retrouver dans la presse :<\/em><\/strong><\/p>\n\n\n\n<p><a href=\"https:\/\/www.ouest-france.fr\/societe\/pauvrete\/reportage-de-nouveaux-casiers-installes-pour-les-sans-abris-il-en-manque-tellement-a-brest-bb8ce438-ab27-11ee-ad44-c03d56c454d6\">https:\/\/www.ouest-france.fr\/societe\/pauvrete\/reportage-de-nouveaux-casiers-installes-pour-les-sans-abris-il-en-manque-tellement-a-brest-bb8ce438-ab27-11ee-ad44-c03d56c454d6<\/a><\/p>\n\n\n\n<p><a href=\"https:\/\/www.letelegramme.fr\/finistere\/brest-29200\/a-la-halte-accueil-de-brest-des-casiers-solidaires-pour-les-personnes-sans-abri-6499059.php\">https:\/\/www.letelegramme.fr\/finistere\/brest-29200\/a-la-halte-accueil-de-brest-des-casiers-solidaires-pour-les-personnes-sans-abri-6499059.php<\/a><\/p>\n\n\n\n<p><a href=\"https:\/\/actu.fr\/bretagne\/brest_29019\/a-brest-des-casiers-securises-pour-les-personnes-a-la-rue_60524622.html\">https:\/\/actu.fr\/bretagne\/brest_29019\/a-brest-des-casiers-securises-pour-les-personnes-a-la-rue_60524622.html<\/a><\/p>\n","protected":false},"excerpt":{"rendered":"<p>Inauguration des casiers solidaires install\u00e9s \u00e0 la Halte Accueil Ozanam \u00e0 Brest. <a href=\"https:\/\/brest-ecologie.bzh\/?p=3997\" class=\"more-link\"><span>Lire la suite<\/span><span class=\"screen-reader-text\">De nouveaux casiers pour les personnes sans-abri<\/span><\/a><\/p>\n","protected":false},"author":7,"featured_media":3998,"comment_status":"open","ping_status":"open","sticky":false,"template":"","format":"standard","meta":{"footnotes":""},"categories":[48,5,27],"tags":[],"class_list":["post-3997","post","type-post","status-publish","format-standard","has-post-thumbnail","hentry","category-actionsociale","category-actualites","category-solidarites"],"yoast_head":"<!-- This site is optimized with the Yoast SEO plugin v23.0 - https:\/\/yoast.com\/wordpress\/plugins\/seo\/ -->\n<title>De nouveaux casiers pour les personnes sans-abri - Elu\u00b7es \u00e9cologistes Brest<\/title>\n<meta name=\"description\" content=\"La ville de Brest accompagne les associations de solidarit\u00e9 pour le d\u00e9ploiement de casiers \u00e0 destination des personnes sans domicile fixe.\" \/>\n<meta name=\"robots\" content=\"index, follow, max-snippet:-1, max-image-preview:large, max-video-preview:-1\" \/>\n<link rel=\"canonical\" href=\"https:\/\/brest-ecologie.bzh\/?p=3997\" \/>\n<meta property=\"og:locale\" content=\"fr_FR\" \/>\n<meta property=\"og:type\" content=\"article\" \/>\n<meta property=\"og:title\" content=\"De nouveaux casiers pour les personnes sans-abri - Elu\u00b7es \u00e9cologistes Brest\" \/>\n<meta property=\"og:description\" content=\"La ville de Brest accompagne les associations de solidarit\u00e9 pour le d\u00e9ploiement de casiers \u00e0 destination des personnes sans domicile fixe.\" \/>\n<meta property=\"og:url\" content=\"https:\/\/brest-ecologie.bzh\/?p=3997\" \/>\n<meta property=\"og:site_name\" content=\"Elu\u00b7es \u00e9cologistes Brest\" \/>\n<meta property=\"article:publisher\" content=\"https:\/\/www.facebook.com\/Elu.e.sEcoloBrest\" \/>\n<meta property=\"article:published_time\" content=\"2024-01-24T13:28:30+00:00\" \/>\n<meta property=\"article:modified_time\" content=\"2024-01-24T14:31:38+00:00\" \/>\n<meta property=\"og:image\" content=\"https:\/\/brest-ecologie.bzh\/wp-content\/uploads\/2024\/01\/Marion-Casiers-solidaires.jpg\" \/>\n\t<meta property=\"og:image:width\" content=\"2016\" \/>\n\t<meta property=\"og:image:height\" content=\"1512\" \/>\n\t<meta property=\"og:image:type\" content=\"image\/jpeg\" \/>\n<meta name=\"author\" content=\"MarionJ\" \/>\n<meta name=\"twitter:card\" content=\"summary_large_image\" \/>\n<meta name=\"twitter:creator\" content=\"@BrestEcologie\" \/>\n<meta name=\"twitter:site\" content=\"@BrestEcologie\" \/>\n<meta name=\"twitter:label1\" content=\"\u00c9crit par\" \/>\n\t<meta name=\"twitter:data1\" content=\"MarionJ\" \/>\n\t<meta name=\"twitter:label2\" content=\"Dur\u00e9e de lecture estim\u00e9e\" \/>\n\t<meta name=\"twitter:data2\" content=\"3 minutes\" \/>\n<script type=\"application\/ld+json\" class=\"yoast-schema-graph\">{\"@context\":\"https:\/\/schema.org\",\"@graph\":[{\"@type\":\"Article\",\"@id\":\"https:\/\/brest-ecologie.bzh\/?p=3997#article\",\"isPartOf\":{\"@id\":\"https:\/\/brest-ecologie.bzh\/?p=3997\"},\"author\":{\"name\":\"MarionJ\",\"@id\":\"https:\/\/brest-ecologie.bzh\/#\/schema\/person\/a118cebe79505a459b35d08d6b363c32\"},\"headline\":\"De nouveaux casiers pour les personnes sans-abri\",\"datePublished\":\"2024-01-24T13:28:30+00:00\",\"dateModified\":\"2024-01-24T14:31:38+00:00\",\"mainEntityOfPage\":{\"@id\":\"https:\/\/brest-ecologie.bzh\/?p=3997\"},\"wordCount\":448,\"commentCount\":0,\"publisher\":{\"@id\":\"https:\/\/brest-ecologie.bzh\/#organization\"},\"image\":{\"@id\":\"https:\/\/brest-ecologie.bzh\/?p=3997#primaryimage\"},\"thumbnailUrl\":\"https:\/\/brest-ecologie.bzh\/wp-content\/uploads\/2024\/01\/Marion-Casiers-solidaires.jpg\",\"articleSection\":[\"Action sociale\",\"Actualit\u00e9s\",\"Solidarit\u00e9s\"],\"inLanguage\":\"fr-FR\",\"potentialAction\":[{\"@type\":\"CommentAction\",\"name\":\"Comment\",\"target\":[\"https:\/\/brest-ecologie.bzh\/?p=3997#respond\"]}]},{\"@type\":\"WebPage\",\"@id\":\"https:\/\/brest-ecologie.bzh\/?p=3997\",\"url\":\"https:\/\/brest-ecologie.bzh\/?p=3997\",\"name\":\"De nouveaux casiers pour les personnes sans-abri - Elu\u00b7es \u00e9cologistes Brest\",\"isPartOf\":{\"@id\":\"https:\/\/brest-ecologie.bzh\/#website\"},\"primaryImageOfPage\":{\"@id\":\"https:\/\/brest-ecologie.bzh\/?p=3997#primaryimage\"},\"image\":{\"@id\":\"https:\/\/brest-ecologie.bzh\/?p=3997#primaryimage\"},\"thumbnailUrl\":\"https:\/\/brest-ecologie.bzh\/wp-content\/uploads\/2024\/01\/Marion-Casiers-solidaires.jpg\",\"datePublished\":\"2024-01-24T13:28:30+00:00\",\"dateModified\":\"2024-01-24T14:31:38+00:00\",\"description\":\"La ville de Brest accompagne les associations de solidarit\u00e9 pour le d\u00e9ploiement de casiers \u00e0 destination des personnes sans domicile fixe.\",\"breadcrumb\":{\"@id\":\"https:\/\/brest-ecologie.bzh\/?p=3997#breadcrumb\"},\"inLanguage\":\"fr-FR\",\"potentialAction\":[{\"@type\":\"ReadAction\",\"target\":[\"https:\/\/brest-ecologie.bzh\/?p=3997\"]}]},{\"@type\":\"ImageObject\",\"inLanguage\":\"fr-FR\",\"@id\":\"https:\/\/brest-ecologie.bzh\/?p=3997#primaryimage\",\"url\":\"https:\/\/brest-ecologie.bzh\/wp-content\/uploads\/2024\/01\/Marion-Casiers-solidaires.jpg\",\"contentUrl\":\"https:\/\/brest-ecologie.bzh\/wp-content\/uploads\/2024\/01\/Marion-Casiers-solidaires.jpg\",\"width\":2016,\"height\":1512},{\"@type\":\"BreadcrumbList\",\"@id\":\"https:\/\/brest-ecologie.bzh\/?p=3997#breadcrumb\",\"itemListElement\":[{\"@type\":\"ListItem\",\"position\":1,\"name\":\"Accueil\",\"item\":\"https:\/\/brest-ecologie.bzh\/\"},{\"@type\":\"ListItem\",\"position\":2,\"name\":\"De nouveaux casiers pour les personnes sans-abri\"}]},{\"@type\":\"WebSite\",\"@id\":\"https:\/\/brest-ecologie.bzh\/#website\",\"url\":\"https:\/\/brest-ecologie.bzh\/\",\"name\":\"Elu\u00b7e\u00b7s \u00e9cologistes Brest\",\"description\":\"\",\"publisher\":{\"@id\":\"https:\/\/brest-ecologie.bzh\/#organization\"},\"potentialAction\":[{\"@type\":\"SearchAction\",\"target\":{\"@type\":\"EntryPoint\",\"urlTemplate\":\"https:\/\/brest-ecologie.bzh\/?s={search_term_string}\"},\"query-input\":\"required name=search_term_string\"}],\"inLanguage\":\"fr-FR\"},{\"@type\":\"Organization\",\"@id\":\"https:\/\/brest-ecologie.bzh\/#organization\",\"name\":\"Elu\u00b7e\u00b7s \u00e9cologistes de Brest ville et m\u00e9tropole\",\"url\":\"https:\/\/brest-ecologie.bzh\/\",\"logo\":{\"@type\":\"ImageObject\",\"inLanguage\":\"fr-FR\",\"@id\":\"https:\/\/brest-ecologie.bzh\/#\/schema\/logo\/image\/\",\"url\":\"https:\/\/brest-ecologie.bzh\/wp-content\/uploads\/2021\/02\/logo-elus.png\",\"contentUrl\":\"https:\/\/brest-ecologie.bzh\/wp-content\/uploads\/2021\/02\/logo-elus.png\",\"width\":2300,\"height\":921,\"caption\":\"Elu\u00b7e\u00b7s \u00e9cologistes de Brest ville et m\u00e9tropole\"},\"image\":{\"@id\":\"https:\/\/brest-ecologie.bzh\/#\/schema\/logo\/image\/\"},\"sameAs\":[\"https:\/\/www.facebook.com\/Elu.e.sEcoloBrest\",\"https:\/\/x.com\/BrestEcologie\",\"https:\/\/www.youtube.com\/channel\/UCF26X4ImxDdDiydIKxoA2WA\"]},{\"@type\":\"Person\",\"@id\":\"https:\/\/brest-ecologie.bzh\/#\/schema\/person\/a118cebe79505a459b35d08d6b363c32\",\"name\":\"MarionJ\",\"image\":{\"@type\":\"ImageObject\",\"inLanguage\":\"fr-FR\",\"@id\":\"https:\/\/brest-ecologie.bzh\/#\/schema\/person\/image\/\",\"url\":\"https:\/\/secure.gravatar.com\/avatar\/207d1000e3118e366bdb3f1cfcc304b2c8ae1517a8369df48b86fbeacba867fe?s=96&d=mm&r=g\",\"contentUrl\":\"https:\/\/secure.gravatar.com\/avatar\/207d1000e3118e366bdb3f1cfcc304b2c8ae1517a8369df48b86fbeacba867fe?s=96&d=mm&r=g\",\"caption\":\"MarionJ\"}}]}<\/script>\n<!-- \/ Yoast SEO plugin. -->","yoast_head_json":{"title":"De nouveaux casiers pour les personnes sans-abri - Elu\u00b7es \u00e9cologistes Brest","description":"La ville de Brest accompagne les associations de solidarit\u00e9 pour le d\u00e9ploiement de casiers \u00e0 destination des personnes sans domicile fixe.","robots":{"index":"index","follow":"follow","max-snippet":"max-snippet:-1","max-image-preview":"max-image-preview:large","max-video-preview":"max-video-preview:-1"},"canonical":"https:\/\/brest-ecologie.bzh\/?p=3997","og_locale":"fr_FR","og_type":"article","og_title":"De nouveaux casiers pour les personnes sans-abri - Elu\u00b7es \u00e9cologistes Brest","og_description":"La ville de Brest accompagne les associations de solidarit\u00e9 pour le d\u00e9ploiement de casiers \u00e0 destination des personnes sans domicile fixe.","og_url":"https:\/\/brest-ecologie.bzh\/?p=3997","og_site_name":"Elu\u00b7es \u00e9cologistes Brest","article_publisher":"https:\/\/www.facebook.com\/Elu.e.sEcoloBrest","article_published_time":"2024-01-24T13:28:30+00:00","article_modified_time":"2024-01-24T14:31:38+00:00","og_image":[{"width":2016,"height":1512,"url":"https:\/\/brest-ecologie.bzh\/wp-content\/uploads\/2024\/01\/Marion-Casiers-solidaires.jpg","type":"image\/jpeg"}],"author":"MarionJ","twitter_card":"summary_large_image","twitter_creator":"@BrestEcologie","twitter_site":"@BrestEcologie","twitter_misc":{"\u00c9crit par":"MarionJ","Dur\u00e9e de lecture estim\u00e9e":"3 minutes"},"schema":{"@context":"https:\/\/schema.org","@graph":[{"@type":"Article","@id":"https:\/\/brest-ecologie.bzh\/?p=3997#article","isPartOf":{"@id":"https:\/\/brest-ecologie.bzh\/?p=3997"},"author":{"name":"MarionJ","@id":"https:\/\/brest-ecologie.bzh\/#\/schema\/person\/a118cebe79505a459b35d08d6b363c32"},"headline":"De nouveaux casiers pour les personnes sans-abri","datePublished":"2024-01-24T13:28:30+00:00","dateModified":"2024-01-24T14:31:38+00:00","mainEntityOfPage":{"@id":"https:\/\/brest-ecologie.bzh\/?p=3997"},"wordCount":448,"commentCount":0,"publisher":{"@id":"https:\/\/brest-ecologie.bzh\/#organization"},"image":{"@id":"https:\/\/brest-ecologie.bzh\/?p=3997#primaryimage"},"thumbnailUrl":"https:\/\/brest-ecologie.bzh\/wp-content\/uploads\/2024\/01\/Marion-Casiers-solidaires.jpg","articleSection":["Action sociale","Actualit\u00e9s","Solidarit\u00e9s"],"inLanguage":"fr-FR","potentialAction":[{"@type":"CommentAction","name":"Comment","target":["https:\/\/brest-ecologie.bzh\/?p=3997#respond"]}]},{"@type":"WebPage","@id":"https:\/\/brest-ecologie.bzh\/?p=3997","url":"https:\/\/brest-ecologie.bzh\/?p=3997","name":"De nouveaux casiers pour les personnes sans-abri - Elu\u00b7es \u00e9cologistes Brest","isPartOf":{"@id":"https:\/\/brest-ecologie.bzh\/#website"},"primaryImageOfPage":{"@id":"https:\/\/brest-ecologie.bzh\/?p=3997#primaryimage"},"image":{"@id":"https:\/\/brest-ecologie.bzh\/?p=3997#primaryimage"},"thumbnailUrl":"https:\/\/brest-ecologie.bzh\/wp-content\/uploads\/2024\/01\/Marion-Casiers-solidaires.jpg","datePublished":"2024-01-24T13:28:30+00:00","dateModified":"2024-01-24T14:31:38+00:00","description":"La ville de Brest accompagne les associations de solidarit\u00e9 pour le d\u00e9ploiement de casiers \u00e0 destination des personnes sans domicile fixe.","breadcrumb":{"@id":"https:\/\/brest-ecologie.bzh\/?p=3997#breadcrumb"},"inLanguage":"fr-FR","potentialAction":[{"@type":"ReadAction","target":["https:\/\/brest-ecologie.bzh\/?p=3997"]}]},{"@type":"ImageObject","inLanguage":"fr-FR","@id":"https:\/\/brest-ecologie.bzh\/?p=3997#primaryimage","url":"https:\/\/brest-ecologie.bzh\/wp-content\/uploads\/2024\/01\/Marion-Casiers-solidaires.jpg","contentUrl":"https:\/\/brest-ecologie.bzh\/wp-content\/uploads\/2024\/01\/Marion-Casiers-solidaires.jpg","width":2016,"height":1512},{"@type":"BreadcrumbList","@id":"https:\/\/brest-ecologie.bzh\/?p=3997#breadcrumb","itemListElement":[{"@type":"ListItem","position":1,"name":"Accueil","item":"https:\/\/brest-ecologie.bzh\/"},{"@type":"ListItem","position":2,"name":"De nouveaux casiers pour les personnes sans-abri"}]},{"@type":"WebSite","@id":"https:\/\/brest-ecologie.bzh\/#website","url":"https:\/\/brest-ecologie.bzh\/","name":"Elu\u00b7e\u00b7s \u00e9cologistes Brest","description":"","publisher":{"@id":"https:\/\/brest-ecologie.bzh\/#organization"},"potentialAction":[{"@type":"SearchAction","target":{"@type":"EntryPoint","urlTemplate":"https:\/\/brest-ecologie.bzh\/?s={search_term_string}"},"query-input":"required name=search_term_string"}],"inLanguage":"fr-FR"},{"@type":"Organization","@id":"https:\/\/brest-ecologie.bzh\/#organization","name":"Elu\u00b7e\u00b7s \u00e9cologistes de Brest ville et m\u00e9tropole","url":"https:\/\/brest-ecologie.bzh\/","logo":{"@type":"ImageObject","inLanguage":"fr-FR","@id":"https:\/\/brest-ecologie.bzh\/#\/schema\/logo\/image\/","url":"https:\/\/brest-ecologie.bzh\/wp-content\/uploads\/2021\/02\/logo-elus.png","contentUrl":"https:\/\/brest-ecologie.bzh\/wp-content\/uploads\/2021\/02\/logo-elus.png","width":2300,"height":921,"caption":"Elu\u00b7e\u00b7s \u00e9cologistes de Brest ville et m\u00e9tropole"},"image":{"@id":"https:\/\/brest-ecologie.bzh\/#\/schema\/logo\/image\/"},"sameAs":["https:\/\/www.facebook.com\/Elu.e.sEcoloBrest","https:\/\/x.com\/BrestEcologie","https:\/\/www.youtube.com\/channel\/UCF26X4ImxDdDiydIKxoA2WA"]},{"@type":"Person","@id":"https:\/\/brest-ecologie.bzh\/#\/schema\/person\/a118cebe79505a459b35d08d6b363c32","name":"MarionJ","image":{"@type":"ImageObject","inLanguage":"fr-FR","@id":"https:\/\/brest-ecologie.bzh\/#\/schema\/person\/image\/","url":"https:\/\/secure.gravatar.com\/avatar\/207d1000e3118e366bdb3f1cfcc304b2c8ae1517a8369df48b86fbeacba867fe?s=96&d=mm&r=g","contentUrl":"https:\/\/secure.gravatar.com\/avatar\/207d1000e3118e366bdb3f1cfcc304b2c8ae1517a8369df48b86fbeacba867fe?s=96&d=mm&r=g","caption":"MarionJ"}}]}},"_links":{"self":[{"href":"https:\/\/brest-ecologie.bzh\/index.php?rest_route=\/wp\/v2\/posts\/3997","targetHints":{"allow":["GET"]}}],"collection":[{"href":"https:\/\/brest-ecologie.bzh\/index.php?rest_route=\/wp\/v2\/posts"}],"about":[{"href":"https:\/\/brest-ecologie.bzh\/index.php?rest_route=\/wp\/v2\/types\/post"}],"author":[{"embeddable":true,"href":"https:\/\/brest-ecologie.bzh\/index.php?rest_route=\/wp\/v2\/users\/7"}],"replies":[{"embeddable":true,"href":"https:\/\/brest-ecologie.bzh\/index.php?rest_route=%2Fwp%2Fv2%2Fcomments&post=3997"}],"version-history":[{"count":4,"href":"https:\/\/brest-ecologie.bzh\/index.php?rest_route=\/wp\/v2\/posts\/3997\/revisions"}],"predecessor-version":[{"id":4002,"href":"https:\/\/brest-ecologie.bzh\/index.php?rest_route=\/wp\/v2\/posts\/3997\/revisions\/4002"}],"wp:featuredmedia":[{"embeddable":true,"href":"https:\/\/brest-ecologie.bzh\/index.php?rest_route=\/wp\/v2\/media\/3998"}],"wp:attachment":[{"href":"https:\/\/brest-ecologie.bzh\/index.php?rest_route=%2Fwp%2Fv2%2Fmedia&parent=3997"}],"wp:term":[{"taxonomy":"category","embeddable":true,"href":"https:\/\/brest-ecologie.bzh\/index.php?rest_route=%2Fwp%2Fv2%2Fcategories&post=3997"},{"taxonomy":"post_tag","embeddable":true,"href":"https:\/\/brest-ecologie.bzh\/index.php?rest_route=%2Fwp%2Fv2%2Ftags&post=3997"}],"curies":[{"name":"wp","href":"https:\/\/api.w.org\/{rel}","templated":true}]}}