{"id":4004,"date":"2024-01-31T13:50:30","date_gmt":"2024-01-31T12:50:30","guid":{"rendered":"https:\/\/brest-ecologie.bzh\/?p=4004"},"modified":"2024-01-31T16:01:33","modified_gmt":"2024-01-31T15:01:33","slug":"voeux-du-quartier-de-saint-marc","status":"publish","type":"post","link":"https:\/\/brest-ecologie.bzh\/?p=4004","title":{"rendered":"V\u0153ux du quartier de Saint-Marc"},"content":{"rendered":"\n<p class=\"has-text-align-center\">Bonne ann\u00e9e ! Samedi 27 janvier 2024, \u00e0 la Maison Pour Tous du Guelmeur, Ga\u00eblle Morvan, adjointe au quartier de Saint-Marc, pr\u00e9sentait ses v\u0153ux aux habitantes et habitants. <\/p>\n\n\n\n<p class=\"has-text-align-center\">Pour celles et ceux qui n&rsquo;ont pas pu se rendre, voici les \u00e9l\u00e9ments saillants de son discours.<\/p>\n\n\n\n<h4 class=\"wp-block-heading\">2023 : Une ann\u00e9e dans l&rsquo;action et la solidarit\u00e9 <\/h4>\n\n\n\n<figure class=\"wp-block-image size-full\"><img loading=\"lazy\" decoding=\"async\" width=\"894\" height=\"634\" src=\"https:\/\/brest-ecologie.bzh\/wp-content\/uploads\/2024\/01\/Voeux_elu-e-s-1.png\" alt=\"\" class=\"wp-image-4014\" srcset=\"https:\/\/brest-ecologie.bzh\/wp-content\/uploads\/2024\/01\/Voeux_elu-e-s-1.png 894w, https:\/\/brest-ecologie.bzh\/wp-content\/uploads\/2024\/01\/Voeux_elu-e-s-1-300x213.png 300w, https:\/\/brest-ecologie.bzh\/wp-content\/uploads\/2024\/01\/Voeux_elu-e-s-1-768x545.png 768w\" sizes=\"auto, (max-width: 894px) 100vw, 894px\" \/><\/figure>\n\n\n\n<h5 class=\"wp-block-heading\">Des services vers plus de proximit\u00e9<\/h5>\n\n\n\n<p>Le service accueil et \u00e9tat civil a d\u00e9livr\u00e9 pr\u00e8s de 15&nbsp;500 prestations l\u2019ann\u00e9e derni\u00e8re. Parmis celles-ci, la Mairie de Saint-Marc a c\u00e9l\u00e9br\u00e9 27 mariages et 97 PACS. Elle a enregistr\u00e9 147 d\u00e9clarations de naissance et a d\u00e9livr\u00e9 4664 titres d\u2019identit\u00e9.<\/p>\n\n\n\n<p>Pour une plus grande proximit\u00e9, le service d&rsquo;accueil et d&rsquo;\u00e9tat civil a \u0153uvr\u00e9 hors les murs pour cette prestation en se rendant au domicile des usagers en difficult\u00e9 de sant\u00e9 ou dans les \u00e9coles pour faciliter les d\u00e9marches d\u2019inscription scolaire.<\/p>\n\n\n\n<p>Le r\u00e9am\u00e9nagement de la mairie de quartier r\u00e9nov\u00e9e s&rsquo;est poursuivi avec l&rsquo;installation des coll\u00e8gues agents de proximit\u00e9. Il est toujours possible d&rsquo;y rencontrer un conciliateur de justice, et d&rsquo;y obtenir des informations relatives \u00e0 la petite enfance, une aide en informatique gr\u00e2ce \u00e0 un conseill\u00e8re en num\u00e9rique. <\/p>\n\n\n\n<h5 class=\"wp-block-heading\">Une ann\u00e9e mouvement\u00e9e <\/h5>\n\n\n\n<p>2023 a \u00e9t\u00e9 le th\u00e9\u00e2tre de manifestations sociales importantes partout en France notamment lors de la r\u00e9forme des retraites au premier semestre. Puis, suite \u00e0 la mort du jeune Nahel, une s\u00e9rie de journ\u00e9es marqu\u00e9es par des d\u00e9gradations rarement connues.  <\/p>\n\n\n\n<p>En novembre, la temp\u00eate Ciaran a lourdement touch\u00e9 la Bretagne. A Saint-Marc, Ga\u00eblle Morvan sait la profonde tristesse, voire le traumatisme que cette temp\u00eate a pu engendrer chez les habitantes et habitants. Les d\u00e9g\u00e2ts sur les arbres, les rues, les espaces verts et les b\u00e2timents sont nombreux, notamment \u00e0 l\u2019\u00e9cole du petit paris.<\/p>\n\n\n\n<figure class=\"wp-block-pullquote\"><blockquote><p>Nous avons travers\u00e9 une ann\u00e9e 2023 qui n\u2019a pas \u00e9t\u00e9 des plus apais\u00e9e. Et c\u2019est un euph\u00e9misme. L\u2019ensemble des agents de la m\u00e9tropole, de la ville de Brest et du quartier de st Marc ont \u00e9t\u00e9 l\u00e0 et restent encore et toujours mobilis\u00e9s et je les en remercie.<\/p><cite>Ga\u00eblle Morvan<\/cite><\/blockquote><\/figure>\n\n\n\n<p>Cette temp\u00eate a aussi prouv\u00e9 la solidarit\u00e9 et l&rsquo;attention des un.es envers les autres, l&rsquo;entraide, la mobilisation, le soutien&#8230;.<\/p>\n\n\n\n<p>Un grand chantier sur la conception de la nature en ville face aux \u00e9volutions du climat s\u2019ouvre. Cet \u00e9v\u00e8nement nous rappelle que nous devons agir pour mettre en \u0153uvre les transitions n\u00e9cessaires pour que la ville soit vivable dans le futur.<\/p>\n\n\n\n<h4 class=\"wp-block-heading\">2023 : une ann\u00e9e charni\u00e8re pour les projets du quartier \u00e0 mi-mandat<\/h4>\n\n\n\n<h5 class=\"wp-block-heading\">Une ann\u00e9e riche gr\u00e2ce \u00e0 la participation citoyenne<\/h5>\n\n\n\n<p>L\u2019installation des <a href=\"https:\/\/brest-ecologie.bzh\/?p=1725\">nouvelles instances de participation<\/a> en<strong> <\/strong>2021 ont permis la naissance de plusieurs groupes de travail qui ont abouti \u00e0 des r\u00e9alisations concr\u00e8tes&nbsp;:<\/p>\n\n\n\n<ul class=\"wp-block-list\">\n<li>R\u00e9am\u00e9nagement du parc Sophie Cadour <\/li>\n\n\n\n<li>R\u00e9flexion sur la mobilit\u00e9 des seniors et des personnes \u00e0 mobilit\u00e9 r\u00e9duite. Cette r\u00e9flexion a abouti \u00e0 l&rsquo;exp\u00e9rimentation bient\u00f4t p\u00e9rennis\u00e9e d\u2019un am\u00e9nagement de mobilier urbain entre la R\u00e9sidence pour Personnes Autonomes de Poul ar Bachet et le Pilier Rouge.<\/li>\n\n\n\n<li>Programmation du chantier du jardin Poul ar Bachet avec plusieurs sujets soumis \u00e0 la concertation&nbsp;: mobilier, plantations.<\/li>\n<\/ul>\n\n\n\n<figure class=\"wp-block-image size-full\"><img loading=\"lazy\" decoding=\"async\" width=\"889\" height=\"557\" src=\"https:\/\/brest-ecologie.bzh\/wp-content\/uploads\/2024\/01\/voeux-salle_modifie-1.png\" alt=\"\" class=\"wp-image-4011\" srcset=\"https:\/\/brest-ecologie.bzh\/wp-content\/uploads\/2024\/01\/voeux-salle_modifie-1.png 889w, https:\/\/brest-ecologie.bzh\/wp-content\/uploads\/2024\/01\/voeux-salle_modifie-1-300x188.png 300w, https:\/\/brest-ecologie.bzh\/wp-content\/uploads\/2024\/01\/voeux-salle_modifie-1-768x481.png 768w\" sizes=\"auto, (max-width: 889px) 100vw, 889px\" \/><\/figure>\n\n\n\n<p>Le collectif animation a quant \u00e0 lui permis le retour du festival de la soupe, de \u00ab&nbsp;vivre sa retraite \u00e0 st marc&nbsp;\u00bb et des festivit\u00e9s de No\u00ebl sur la place du bourg. <br>Ga\u00eblle Morvan a remerci\u00e9 chaleureusement les habitantes et habitants investies dans ces instances de participation, ainsi que l\u2019ensemble des b\u00e9n\u00e9voles sans lesquel.les ces temps forts ne pourraient exister. <\/p>\n\n\n\n<h5 class=\"wp-block-heading\">Le portage de projets \u00e9ducatifs de la Ville de Brest<\/h5>\n\n\n\n<p>A l&rsquo;\u00e9t\u00e9 2023, le chantier de la reconstruction de l\u2019\u00e9cole de Kerisbian a d\u00e9marr\u00e9. Ce projet d&rsquo;ampleur a n\u00e9cessit\u00e9 une implication et une concertation large de toutes les actrices et acteurs afin que tout se passe dans les meilleures conditions pour les enfants, les parents, les enseignants et le Foyer La\u00efque Saint-Marc.<\/p>\n\n\n\n<p>Ga\u00eblle Morvan a salu\u00e9 les associations, les \u00e9quipements de quartier, \u00e9coles et partenaires \u00e9ducatifs au sens large qui contribuent \u00e0 la mise en \u0153uvre du projet \u00e9ducatif grandir \u00e0 Brest et \u00e0 Saint-Marc.<\/p>\n\n\n\n<h5 class=\"wp-block-heading\">Des avanc\u00e9es pour les mobilit\u00e9s douces <\/h5>\n\n\n\n<p>La synth\u00e8se du plan de mobilit\u00e9s du bourg de Saint-Marc a \u00e9t\u00e9 achev\u00e9e et sera pr\u00e9sent\u00e9e cette ann\u00e9e en assembl\u00e9e de quartier. Bas\u00e9 sur des \u00e9tudes fines et la participation des habitantes et habitants, ce plan permet de mettre en lumi\u00e8re les d\u00e9placements dans le bourg \u00e9largi. Il contribue \u00e0 un enjeu majeur qui est celui de d\u00e9velopper les mobilit\u00e9s douces et de r\u00e9ajuster la cohabitation entre les diff\u00e9rents types de mobilit\u00e9 pour l\u2019ensemble des usager.es.<\/p>\n\n\n<div class=\"wp-block-image\">\n<figure class=\"aligncenter size-large is-resized\"><img loading=\"lazy\" decoding=\"async\" width=\"1024\" height=\"768\" src=\"https:\/\/brest-ecologie.bzh\/wp-content\/uploads\/2024\/01\/voeux-sallelarge-Modifie-1024x768.jpg\" alt=\"\" class=\"wp-image-4018\" style=\"aspect-ratio:1.3333333333333333;width:571px;height:auto\" srcset=\"https:\/\/brest-ecologie.bzh\/wp-content\/uploads\/2024\/01\/voeux-sallelarge-Modifie-1024x768.jpg 1024w, https:\/\/brest-ecologie.bzh\/wp-content\/uploads\/2024\/01\/voeux-sallelarge-Modifie-300x225.jpg 300w, https:\/\/brest-ecologie.bzh\/wp-content\/uploads\/2024\/01\/voeux-sallelarge-Modifie-768x576.jpg 768w, https:\/\/brest-ecologie.bzh\/wp-content\/uploads\/2024\/01\/voeux-sallelarge-Modifie-1536x1152.jpg 1536w, https:\/\/brest-ecologie.bzh\/wp-content\/uploads\/2024\/01\/voeux-sallelarge-Modifie-2048x1536.jpg 2048w, https:\/\/brest-ecologie.bzh\/wp-content\/uploads\/2024\/01\/voeux-sallelarge-Modifie-1200x900.jpg 1200w, https:\/\/brest-ecologie.bzh\/wp-content\/uploads\/2024\/01\/voeux-sallelarge-Modifie-1980x1485.jpg 1980w, https:\/\/brest-ecologie.bzh\/wp-content\/uploads\/2024\/01\/voeux-sallelarge-Modifie-1320x990.jpg 1320w\" sizes=\"auto, (max-width: 1024px) 100vw, 1024px\" \/><\/figure><\/div>\n\n\n<p>En parall\u00e8le, de nouveaux outils et am\u00e9nagements se cr\u00e9ent pour d\u00e9velopper la pratique du v\u00e9lo sur le quartier. On peut citer la cartographie des voies existantes, la cr\u00e9ation de nouveaux am\u00e9nagements, le renforcement du stationnement v\u00e9lo, la mise en place d\u2019une station de r\u00e9paration et de box ferm\u00e9s rue S\u00e9bastopol.<\/p>\n\n\n\n<h5 class=\"wp-block-heading\">La poursuite de la politique de pr\u00e9vention du harc\u00e8lement de rue <\/h5>\n\n\n\n<p>Le travail initi\u00e9 sur la lutte contre le harc\u00e8lement de rue et la r\u00e9flexion sur l&rsquo;occupation de l\u2019espace public Haut de Jaur\u00e8s et Place Strasbourg continue. Un groupe compos\u00e9 d&rsquo;\u00e9l\u00e8ves, enseignantes et enseignants de la cit\u00e9 scolaire de l&rsquo;Iroise, des services de police, de m\u00e9diation et de la brigade de tranquillit\u00e9 urbaine et de Bibus s&rsquo;est en effet constitu\u00e9 autour du sujet en 2021. Dans le cadre du plan d&rsquo;actions \u00e9labor\u00e9, <a href=\"https:\/\/brest-ecologie.bzh\/?s=forum+cit%C3%A9+scolaire\">un forum th\u00e9matique<\/a> \u00e0 destination des \u00e9l\u00e8ves de la cit\u00e9 scolaire de l&rsquo;Iroise s&rsquo;est tenu d\u00e9but mai.<\/p>\n\n\n\n<h3 class=\"wp-block-heading\">2024 : Continuer \u00e0 s&rsquo;adapter aux enjeux actuels et futurs<\/h3>\n\n\n\n<p>En 2024, de nouveaux sujets sont en r\u00e9flexion avec les instances de participation. Il est question par exemple de la mise en valeur de notre patrimoine naturel autour de l&rsquo;eau. Les projets qui seront soutenus dans le cadre du budget participatif contribueront aussi aux changements sur le quartier. <\/p>\n\n\n\n<p>Le chantier de l&rsquo;\u00e9cole de Kerisbian va se d\u00e9rouler et la rentr\u00e9e 2026 est programm\u00e9e dans la nouvelle \u00e9cole. De nouveaux am\u00e9nagements de voirie importants pour le quartier seront r\u00e9alis\u00e9s sur la rue Duchesse Anne puis sur la rue de Saint-Marc. <\/p>\n\n\n\n<p>Suite \u00e0 la pr\u00e9sentation du plan de mobilit\u00e9s, des r\u00e9alisations permettant la s\u00e9curit\u00e9 de toutes et tous et l&rsquo;apaisement des d\u00e9placements dans le quartier seront propos\u00e9es. <\/p>\n\n\n\n<p>La m\u00e9diath\u00e8que de Saint-Marc va aussi rentrer dans une phase de r\u00e9novation. <\/p>\n\n\n<div class=\"wp-block-image\">\n<figure class=\"aligncenter size-large is-resized\"><img loading=\"lazy\" decoding=\"async\" width=\"756\" height=\"1024\" src=\"https:\/\/brest-ecologie.bzh\/wp-content\/uploads\/2024\/01\/gaelle-1-756x1024.png\" alt=\"\" class=\"wp-image-4016\" style=\"aspect-ratio:0.738704409363092;width:297px;height:auto\" srcset=\"https:\/\/brest-ecologie.bzh\/wp-content\/uploads\/2024\/01\/gaelle-1-756x1024.png 756w, https:\/\/brest-ecologie.bzh\/wp-content\/uploads\/2024\/01\/gaelle-1-222x300.png 222w, https:\/\/brest-ecologie.bzh\/wp-content\/uploads\/2024\/01\/gaelle-1-768x1040.png 768w, https:\/\/brest-ecologie.bzh\/wp-content\/uploads\/2024\/01\/gaelle-1-1135x1536.png 1135w, https:\/\/brest-ecologie.bzh\/wp-content\/uploads\/2024\/01\/gaelle-1-1200x1624.png 1200w, https:\/\/brest-ecologie.bzh\/wp-content\/uploads\/2024\/01\/gaelle-1-1320x1787.png 1320w, https:\/\/brest-ecologie.bzh\/wp-content\/uploads\/2024\/01\/gaelle-1.png 1357w\" sizes=\"auto, (max-width: 756px) 100vw, 756px\" \/><\/figure><\/div>\n\n\n<p>Pour conclure son discours, Ga\u00eblle Morvan a souhait\u00e9 qu&rsquo;en 2024 l&rsquo;action collective en solidarit\u00e9 se poursuive pour construire un futur d\u00e9sirable et heureux pour les habitants et habitantes de Brest et de St Marc.<\/p>\n","protected":false},"excerpt":{"rendered":"<p>Ga\u00eblle Morvan a pr\u00e9sent\u00e9 ses voeux pour le quartier de Saint-Marc le 27 janvier 2024.<a href=\"https:\/\/brest-ecologie.bzh\/?p=4004\" class=\"more-link\"><span>Lire la suite<\/span><span class=\"screen-reader-text\">V\u0153ux du quartier de Saint-Marc<\/span><\/a><\/p>\n","protected":false},"author":7,"featured_media":4014,"comment_status":"open","ping_status":"open","sticky":false,"template":"","format":"standard","meta":{"footnotes":""},"categories":[5,56],"tags":[],"class_list":["post-4004","post","type-post","status-publish","format-standard","has-post-thumbnail","hentry","category-actualites","category-quartier-saint-marc-brest"],"yoast_head":"<!-- This site is optimized with the Yoast SEO plugin v23.0 - https:\/\/yoast.com\/wordpress\/plugins\/seo\/ -->\n<title>V\u0153ux du quartier de Saint-Marc - Elu\u00b7es \u00e9cologistes Brest<\/title>\n<meta name=\"description\" content=\"Ga\u00eblle Morvan, adjointe au quartier de Saint-Marc \u00e0 Brest a pr\u00e9sent\u00e9 ses v\u0153ux le samedi 27 janvier 2024 au Guelmeur.\" \/>\n<meta name=\"robots\" content=\"index, follow, max-snippet:-1, max-image-preview:large, max-video-preview:-1\" \/>\n<link rel=\"canonical\" href=\"https:\/\/brest-ecologie.bzh\/?p=4004\" \/>\n<meta property=\"og:locale\" content=\"fr_FR\" \/>\n<meta property=\"og:type\" content=\"article\" \/>\n<meta property=\"og:title\" content=\"V\u0153ux du quartier de Saint-Marc - Elu\u00b7es \u00e9cologistes Brest\" \/>\n<meta property=\"og:description\" content=\"Ga\u00eblle Morvan, adjointe au quartier de Saint-Marc \u00e0 Brest a pr\u00e9sent\u00e9 ses v\u0153ux le samedi 27 janvier 2024 au Guelmeur.\" \/>\n<meta property=\"og:url\" content=\"https:\/\/brest-ecologie.bzh\/?p=4004\" \/>\n<meta property=\"og:site_name\" content=\"Elu\u00b7es \u00e9cologistes Brest\" \/>\n<meta property=\"article:publisher\" content=\"https:\/\/www.facebook.com\/Elu.e.sEcoloBrest\" \/>\n<meta property=\"article:published_time\" content=\"2024-01-31T12:50:30+00:00\" \/>\n<meta property=\"article:modified_time\" content=\"2024-01-31T15:01:33+00:00\" \/>\n<meta property=\"og:image\" content=\"https:\/\/brest-ecologie.bzh\/wp-content\/uploads\/2024\/01\/Voeux_elu-e-s-1.png\" \/>\n\t<meta property=\"og:image:width\" content=\"894\" \/>\n\t<meta property=\"og:image:height\" content=\"634\" \/>\n\t<meta property=\"og:image:type\" content=\"image\/png\" \/>\n<meta name=\"author\" content=\"MarionJ\" \/>\n<meta name=\"twitter:card\" content=\"summary_large_image\" \/>\n<meta name=\"twitter:creator\" content=\"@BrestEcologie\" \/>\n<meta name=\"twitter:site\" content=\"@BrestEcologie\" \/>\n<meta name=\"twitter:label1\" content=\"\u00c9crit par\" \/>\n\t<meta name=\"twitter:data1\" content=\"MarionJ\" \/>\n\t<meta name=\"twitter:label2\" content=\"Dur\u00e9e de lecture estim\u00e9e\" \/>\n\t<meta name=\"twitter:data2\" content=\"6 minutes\" \/>\n<script type=\"application\/ld+json\" class=\"yoast-schema-graph\">{\"@context\":\"https:\/\/schema.org\",\"@graph\":[{\"@type\":\"Article\",\"@id\":\"https:\/\/brest-ecologie.bzh\/?p=4004#article\",\"isPartOf\":{\"@id\":\"https:\/\/brest-ecologie.bzh\/?p=4004\"},\"author\":{\"name\":\"MarionJ\",\"@id\":\"https:\/\/brest-ecologie.bzh\/#\/schema\/person\/a118cebe79505a459b35d08d6b363c32\"},\"headline\":\"V\u0153ux du quartier de Saint-Marc\",\"datePublished\":\"2024-01-31T12:50:30+00:00\",\"dateModified\":\"2024-01-31T15:01:33+00:00\",\"mainEntityOfPage\":{\"@id\":\"https:\/\/brest-ecologie.bzh\/?p=4004\"},\"wordCount\":1172,\"commentCount\":0,\"publisher\":{\"@id\":\"https:\/\/brest-ecologie.bzh\/#organization\"},\"image\":{\"@id\":\"https:\/\/brest-ecologie.bzh\/?p=4004#primaryimage\"},\"thumbnailUrl\":\"https:\/\/brest-ecologie.bzh\/wp-content\/uploads\/2024\/01\/Voeux_elu-e-s-1.png\",\"articleSection\":[\"Actualit\u00e9s\",\"Quartier Saint-Marc\"],\"inLanguage\":\"fr-FR\",\"potentialAction\":[{\"@type\":\"CommentAction\",\"name\":\"Comment\",\"target\":[\"https:\/\/brest-ecologie.bzh\/?p=4004#respond\"]}]},{\"@type\":\"WebPage\",\"@id\":\"https:\/\/brest-ecologie.bzh\/?p=4004\",\"url\":\"https:\/\/brest-ecologie.bzh\/?p=4004\",\"name\":\"V\u0153ux du quartier de Saint-Marc - Elu\u00b7es \u00e9cologistes Brest\",\"isPartOf\":{\"@id\":\"https:\/\/brest-ecologie.bzh\/#website\"},\"primaryImageOfPage\":{\"@id\":\"https:\/\/brest-ecologie.bzh\/?p=4004#primaryimage\"},\"image\":{\"@id\":\"https:\/\/brest-ecologie.bzh\/?p=4004#primaryimage\"},\"thumbnailUrl\":\"https:\/\/brest-ecologie.bzh\/wp-content\/uploads\/2024\/01\/Voeux_elu-e-s-1.png\",\"datePublished\":\"2024-01-31T12:50:30+00:00\",\"dateModified\":\"2024-01-31T15:01:33+00:00\",\"description\":\"Ga\u00eblle Morvan, adjointe au quartier de Saint-Marc \u00e0 Brest a pr\u00e9sent\u00e9 ses v\u0153ux le samedi 27 janvier 2024 au Guelmeur.\",\"breadcrumb\":{\"@id\":\"https:\/\/brest-ecologie.bzh\/?p=4004#breadcrumb\"},\"inLanguage\":\"fr-FR\",\"potentialAction\":[{\"@type\":\"ReadAction\",\"target\":[\"https:\/\/brest-ecologie.bzh\/?p=4004\"]}]},{\"@type\":\"ImageObject\",\"inLanguage\":\"fr-FR\",\"@id\":\"https:\/\/brest-ecologie.bzh\/?p=4004#primaryimage\",\"url\":\"https:\/\/brest-ecologie.bzh\/wp-content\/uploads\/2024\/01\/Voeux_elu-e-s-1.png\",\"contentUrl\":\"https:\/\/brest-ecologie.bzh\/wp-content\/uploads\/2024\/01\/Voeux_elu-e-s-1.png\",\"width\":894,\"height\":634},{\"@type\":\"BreadcrumbList\",\"@id\":\"https:\/\/brest-ecologie.bzh\/?p=4004#breadcrumb\",\"itemListElement\":[{\"@type\":\"ListItem\",\"position\":1,\"name\":\"Accueil\",\"item\":\"https:\/\/brest-ecologie.bzh\/\"},{\"@type\":\"ListItem\",\"position\":2,\"name\":\"V\u0153ux du quartier de Saint-Marc\"}]},{\"@type\":\"WebSite\",\"@id\":\"https:\/\/brest-ecologie.bzh\/#website\",\"url\":\"https:\/\/brest-ecologie.bzh\/\",\"name\":\"Elu\u00b7e\u00b7s \u00e9cologistes Brest\",\"description\":\"\",\"publisher\":{\"@id\":\"https:\/\/brest-ecologie.bzh\/#organization\"},\"potentialAction\":[{\"@type\":\"SearchAction\",\"target\":{\"@type\":\"EntryPoint\",\"urlTemplate\":\"https:\/\/brest-ecologie.bzh\/?s={search_term_string}\"},\"query-input\":\"required name=search_term_string\"}],\"inLanguage\":\"fr-FR\"},{\"@type\":\"Organization\",\"@id\":\"https:\/\/brest-ecologie.bzh\/#organization\",\"name\":\"Elu\u00b7e\u00b7s \u00e9cologistes de Brest ville et m\u00e9tropole\",\"url\":\"https:\/\/brest-ecologie.bzh\/\",\"logo\":{\"@type\":\"ImageObject\",\"inLanguage\":\"fr-FR\",\"@id\":\"https:\/\/brest-ecologie.bzh\/#\/schema\/logo\/image\/\",\"url\":\"https:\/\/brest-ecologie.bzh\/wp-content\/uploads\/2021\/02\/logo-elus.png\",\"contentUrl\":\"https:\/\/brest-ecologie.bzh\/wp-content\/uploads\/2021\/02\/logo-elus.png\",\"width\":2300,\"height\":921,\"caption\":\"Elu\u00b7e\u00b7s \u00e9cologistes de Brest ville et m\u00e9tropole\"},\"image\":{\"@id\":\"https:\/\/brest-ecologie.bzh\/#\/schema\/logo\/image\/\"},\"sameAs\":[\"https:\/\/www.facebook.com\/Elu.e.sEcoloBrest\",\"https:\/\/x.com\/BrestEcologie\",\"https:\/\/www.youtube.com\/channel\/UCF26X4ImxDdDiydIKxoA2WA\"]},{\"@type\":\"Person\",\"@id\":\"https:\/\/brest-ecologie.bzh\/#\/schema\/person\/a118cebe79505a459b35d08d6b363c32\",\"name\":\"MarionJ\",\"image\":{\"@type\":\"ImageObject\",\"inLanguage\":\"fr-FR\",\"@id\":\"https:\/\/brest-ecologie.bzh\/#\/schema\/person\/image\/\",\"url\":\"https:\/\/secure.gravatar.com\/avatar\/207d1000e3118e366bdb3f1cfcc304b2c8ae1517a8369df48b86fbeacba867fe?s=96&d=mm&r=g\",\"contentUrl\":\"https:\/\/secure.gravatar.com\/avatar\/207d1000e3118e366bdb3f1cfcc304b2c8ae1517a8369df48b86fbeacba867fe?s=96&d=mm&r=g\",\"caption\":\"MarionJ\"}}]}<\/script>\n<!-- \/ Yoast SEO plugin. -->","yoast_head_json":{"title":"V\u0153ux du quartier de Saint-Marc - Elu\u00b7es \u00e9cologistes Brest","description":"Ga\u00eblle Morvan, adjointe au quartier de Saint-Marc \u00e0 Brest a pr\u00e9sent\u00e9 ses v\u0153ux le samedi 27 janvier 2024 au Guelmeur.","robots":{"index":"index","follow":"follow","max-snippet":"max-snippet:-1","max-image-preview":"max-image-preview:large","max-video-preview":"max-video-preview:-1"},"canonical":"https:\/\/brest-ecologie.bzh\/?p=4004","og_locale":"fr_FR","og_type":"article","og_title":"V\u0153ux du quartier de Saint-Marc - Elu\u00b7es \u00e9cologistes Brest","og_description":"Ga\u00eblle Morvan, adjointe au quartier de Saint-Marc \u00e0 Brest a pr\u00e9sent\u00e9 ses v\u0153ux le samedi 27 janvier 2024 au Guelmeur.","og_url":"https:\/\/brest-ecologie.bzh\/?p=4004","og_site_name":"Elu\u00b7es \u00e9cologistes Brest","article_publisher":"https:\/\/www.facebook.com\/Elu.e.sEcoloBrest","article_published_time":"2024-01-31T12:50:30+00:00","article_modified_time":"2024-01-31T15:01:33+00:00","og_image":[{"width":894,"height":634,"url":"https:\/\/brest-ecologie.bzh\/wp-content\/uploads\/2024\/01\/Voeux_elu-e-s-1.png","type":"image\/png"}],"author":"MarionJ","twitter_card":"summary_large_image","twitter_creator":"@BrestEcologie","twitter_site":"@BrestEcologie","twitter_misc":{"\u00c9crit par":"MarionJ","Dur\u00e9e de lecture estim\u00e9e":"6 minutes"},"schema":{"@context":"https:\/\/schema.org","@graph":[{"@type":"Article","@id":"https:\/\/brest-ecologie.bzh\/?p=4004#article","isPartOf":{"@id":"https:\/\/brest-ecologie.bzh\/?p=4004"},"author":{"name":"MarionJ","@id":"https:\/\/brest-ecologie.bzh\/#\/schema\/person\/a118cebe79505a459b35d08d6b363c32"},"headline":"V\u0153ux du quartier de Saint-Marc","datePublished":"2024-01-31T12:50:30+00:00","dateModified":"2024-01-31T15:01:33+00:00","mainEntityOfPage":{"@id":"https:\/\/brest-ecologie.bzh\/?p=4004"},"wordCount":1172,"commentCount":0,"publisher":{"@id":"https:\/\/brest-ecologie.bzh\/#organization"},"image":{"@id":"https:\/\/brest-ecologie.bzh\/?p=4004#primaryimage"},"thumbnailUrl":"https:\/\/brest-ecologie.bzh\/wp-content\/uploads\/2024\/01\/Voeux_elu-e-s-1.png","articleSection":["Actualit\u00e9s","Quartier Saint-Marc"],"inLanguage":"fr-FR","potentialAction":[{"@type":"CommentAction","name":"Comment","target":["https:\/\/brest-ecologie.bzh\/?p=4004#respond"]}]},{"@type":"WebPage","@id":"https:\/\/brest-ecologie.bzh\/?p=4004","url":"https:\/\/brest-ecologie.bzh\/?p=4004","name":"V\u0153ux du quartier de Saint-Marc - Elu\u00b7es \u00e9cologistes Brest","isPartOf":{"@id":"https:\/\/brest-ecologie.bzh\/#website"},"primaryImageOfPage":{"@id":"https:\/\/brest-ecologie.bzh\/?p=4004#primaryimage"},"image":{"@id":"https:\/\/brest-ecologie.bzh\/?p=4004#primaryimage"},"thumbnailUrl":"https:\/\/brest-ecologie.bzh\/wp-content\/uploads\/2024\/01\/Voeux_elu-e-s-1.png","datePublished":"2024-01-31T12:50:30+00:00","dateModified":"2024-01-31T15:01:33+00:00","description":"Ga\u00eblle Morvan, adjointe au quartier de Saint-Marc \u00e0 Brest a pr\u00e9sent\u00e9 ses v\u0153ux le samedi 27 janvier 2024 au Guelmeur.","breadcrumb":{"@id":"https:\/\/brest-ecologie.bzh\/?p=4004#breadcrumb"},"inLanguage":"fr-FR","potentialAction":[{"@type":"ReadAction","target":["https:\/\/brest-ecologie.bzh\/?p=4004"]}]},{"@type":"ImageObject","inLanguage":"fr-FR","@id":"https:\/\/brest-ecologie.bzh\/?p=4004#primaryimage","url":"https:\/\/brest-ecologie.bzh\/wp-content\/uploads\/2024\/01\/Voeux_elu-e-s-1.png","contentUrl":"https:\/\/brest-ecologie.bzh\/wp-content\/uploads\/2024\/01\/Voeux_elu-e-s-1.png","width":894,"height":634},{"@type":"BreadcrumbList","@id":"https:\/\/brest-ecologie.bzh\/?p=4004#breadcrumb","itemListElement":[{"@type":"ListItem","position":1,"name":"Accueil","item":"https:\/\/brest-ecologie.bzh\/"},{"@type":"ListItem","position":2,"name":"V\u0153ux du quartier de Saint-Marc"}]},{"@type":"WebSite","@id":"https:\/\/brest-ecologie.bzh\/#website","url":"https:\/\/brest-ecologie.bzh\/","name":"Elu\u00b7e\u00b7s \u00e9cologistes Brest","description":"","publisher":{"@id":"https:\/\/brest-ecologie.bzh\/#organization"},"potentialAction":[{"@type":"SearchAction","target":{"@type":"EntryPoint","urlTemplate":"https:\/\/brest-ecologie.bzh\/?s={search_term_string}"},"query-input":"required name=search_term_string"}],"inLanguage":"fr-FR"},{"@type":"Organization","@id":"https:\/\/brest-ecologie.bzh\/#organization","name":"Elu\u00b7e\u00b7s \u00e9cologistes de Brest ville et m\u00e9tropole","url":"https:\/\/brest-ecologie.bzh\/","logo":{"@type":"ImageObject","inLanguage":"fr-FR","@id":"https:\/\/brest-ecologie.bzh\/#\/schema\/logo\/image\/","url":"https:\/\/brest-ecologie.bzh\/wp-content\/uploads\/2021\/02\/logo-elus.png","contentUrl":"https:\/\/brest-ecologie.bzh\/wp-content\/uploads\/2021\/02\/logo-elus.png","width":2300,"height":921,"caption":"Elu\u00b7e\u00b7s \u00e9cologistes de Brest ville et m\u00e9tropole"},"image":{"@id":"https:\/\/brest-ecologie.bzh\/#\/schema\/logo\/image\/"},"sameAs":["https:\/\/www.facebook.com\/Elu.e.sEcoloBrest","https:\/\/x.com\/BrestEcologie","https:\/\/www.youtube.com\/channel\/UCF26X4ImxDdDiydIKxoA2WA"]},{"@type":"Person","@id":"https:\/\/brest-ecologie.bzh\/#\/schema\/person\/a118cebe79505a459b35d08d6b363c32","name":"MarionJ","image":{"@type":"ImageObject","inLanguage":"fr-FR","@id":"https:\/\/brest-ecologie.bzh\/#\/schema\/person\/image\/","url":"https:\/\/secure.gravatar.com\/avatar\/207d1000e3118e366bdb3f1cfcc304b2c8ae1517a8369df48b86fbeacba867fe?s=96&d=mm&r=g","contentUrl":"https:\/\/secure.gravatar.com\/avatar\/207d1000e3118e366bdb3f1cfcc304b2c8ae1517a8369df48b86fbeacba867fe?s=96&d=mm&r=g","caption":"MarionJ"}}]}},"_links":{"self":[{"href":"https:\/\/brest-ecologie.bzh\/index.php?rest_route=\/wp\/v2\/posts\/4004","targetHints":{"allow":["GET"]}}],"collection":[{"href":"https:\/\/brest-ecologie.bzh\/index.php?rest_route=\/wp\/v2\/posts"}],"about":[{"href":"https:\/\/brest-ecologie.bzh\/index.php?rest_route=\/wp\/v2\/types\/post"}],"author":[{"embeddable":true,"href":"https:\/\/brest-ecologie.bzh\/index.php?rest_route=\/wp\/v2\/users\/7"}],"replies":[{"embeddable":true,"href":"https:\/\/brest-ecologie.bzh\/index.php?rest_route=%2Fwp%2Fv2%2Fcomments&post=4004"}],"version-history":[{"count":11,"href":"https:\/\/brest-ecologie.bzh\/index.php?rest_route=\/wp\/v2\/posts\/4004\/revisions"}],"predecessor-version":[{"id":4025,"href":"https:\/\/brest-ecologie.bzh\/index.php?rest_route=\/wp\/v2\/posts\/4004\/revisions\/4025"}],"wp:featuredmedia":[{"embeddable":true,"href":"https:\/\/brest-ecologie.bzh\/index.php?rest_route=\/wp\/v2\/media\/4014"}],"wp:attachment":[{"href":"https:\/\/brest-ecologie.bzh\/index.php?rest_route=%2Fwp%2Fv2%2Fmedia&parent=4004"}],"wp:term":[{"taxonomy":"category","embeddable":true,"href":"https:\/\/brest-ecologie.bzh\/index.php?rest_route=%2Fwp%2Fv2%2Fcategories&post=4004"},{"taxonomy":"post_tag","embeddable":true,"href":"https:\/\/brest-ecologie.bzh\/index.php?rest_route=%2Fwp%2Fv2%2Ftags&post=4004"}],"curies":[{"name":"wp","href":"https:\/\/api.w.org\/{rel}","templated":true}]}}