{"id":4805,"date":"2025-07-08T17:43:03","date_gmt":"2025-07-08T15:43:03","guid":{"rendered":"https:\/\/brest-ecologie.bzh\/?p=4805"},"modified":"2025-07-08T17:46:38","modified_gmt":"2025-07-08T15:46:38","slug":"ecologistes-subvention-sport-professionnel","status":"publish","type":"post","link":"https:\/\/brest-ecologie.bzh\/?p=4805","title":{"rendered":"Glen Dissaux &#8211; Subventions au sport professionnel"},"content":{"rendered":"\n<p class=\"has-text-align-center\">Lors du Conseil Municipal du 1er juillet 2025, Glen Dissaux a expos\u00e9 les motivations du groupe Les \u00c9cologistes \u00e0 s&rsquo;abstenir sur les attributions de subvention aux clubs de sport professionnel. <\/p>\n\n\n\n<figure class=\"wp-block-embed is-type-video is-provider-youtube wp-block-embed-youtube wp-embed-aspect-16-9 wp-has-aspect-ratio\"><div class=\"wp-block-embed__wrapper\">\n<iframe loading=\"lazy\" title=\"\ud83c\udf3bGlen Dissaux - Propos Liminaire du Conseil Municipal 27\/05\/25\ud83c\udf3b\" width=\"580\" height=\"326\" src=\"https:\/\/www.youtube.com\/embed\/SijW2SltHOE?feature=oembed\" frameborder=\"0\" allow=\"accelerometer; autoplay; clipboard-write; encrypted-media; gyroscope; picture-in-picture; web-share\" referrerpolicy=\"strict-origin-when-cross-origin\" allowfullscreen><\/iframe>\n<\/div><\/figure>\n\n\n\n<p>\u00ab\u00a0Madame la Premi\u00e8re Adjointe, cher-\u00e8re-s Coll\u00e8gues,<\/p>\n\n\n\n<p>On va s&rsquo;abstenir sur cette d\u00e9lib\u00e9ration et sur les deux suivantes qui sont du m\u00eame ordre : les subventions aux clubs sportifs professionnels. Ces d\u00e9lib\u00e9rations ne nous posent pas de souci sur le fond. <\/p>\n\n\n\n<p>Effectivement, ces d\u00e9lib\u00e9rations comportent des propositions d&rsquo;action, comme tous les ans. N\u00e9anmoins, ce sont des d\u00e9lib\u00e9rations r\u00e9currentes, et tous les ans on demande la m\u00eame chose. On n&rsquo;est pas satisfaits du rendu des bilans, des bilans d&rsquo;activit\u00e9, bilans financiers en particulier, sur lesquels on n&rsquo;a pas de regard. <\/p>\n\n\n\n<p>C&rsquo;est assez emb\u00eatant de ne pas pouvoir voir, \u00e0 la diff\u00e9rence de tout un tas d&rsquo;autres structures associatives, pour des sommes qui sont bien moindres, auxquelles on demande vraiment moult pr\u00e9cisions sur l&rsquo;utilisation des fonds. L\u00e0, on ne l&rsquo;a pas pour ces clubs, et de fa\u00e7on syst\u00e9matique. <\/p>\n\n\n\n<p>On va s&rsquo;abstenir en l&rsquo;absence de ces \u00e9l\u00e9ments-l\u00e0, contrairement \u00e0 ce qui est marqu\u00e9 dans les conventions \u00e0 l&rsquo;article 6 et d&rsquo;ailleurs dans l&rsquo;article R113-3 du code du sport. Merci.\u00a0\u00bb<br><\/p>\n\n\n\n<p>Retrouvez les interventions en conseil municipal <a href=\"https:\/\/brest-ecologie.bzh\/?page_id=51\">ici<\/a>. <\/p>\n","protected":false},"excerpt":{"rendered":"<p>Lors du Conseil Municipal du 1er juillet 2025, Glen Dissaux a expos\u00e9 les motivations du groupe Les \u00c9cologistes \u00e0 s&rsquo;abstenir sur les attributions de subvention aux clubs de sport professionnel. \u00ab\u00a0Madame la Premi\u00e8re Adjointe, cher-\u00e8re-s Coll\u00e8gues, On va s&rsquo;abstenir sur cette d\u00e9lib\u00e9ration et sur les deux suivantes qui sont du m\u00eame ordre : les subventions&hellip;<a href=\"https:\/\/brest-ecologie.bzh\/?p=4805\" class=\"more-link\"><span>Lire la suite<\/span><span class=\"screen-reader-text\">Glen Dissaux &#8211; Subventions au sport professionnel<\/span><\/a><\/p>\n","protected":false},"author":7,"featured_media":4806,"comment_status":"open","ping_status":"open","sticky":false,"template":"","format":"standard","meta":{"footnotes":""},"categories":[5,6],"tags":[],"class_list":["post-4805","post","type-post","status-publish","format-standard","has-post-thumbnail","hentry","category-actualites","category-conseil-municipal"],"yoast_head":"<!-- This site is optimized with the Yoast SEO plugin v23.0 - https:\/\/yoast.com\/wordpress\/plugins\/seo\/ -->\n<title>Glen Dissaux - Subventions au sport professionnel - Elu\u00b7es \u00e9cologistes Brest<\/title>\n<meta name=\"description\" content=\"Lors du Conseil Municipal du 1er juillet, les \u00e9cologistes se sont abstenus sur les d\u00e9lib\u00e9rations portant subvention au sport professionnel.\" \/>\n<meta name=\"robots\" content=\"index, follow, max-snippet:-1, max-image-preview:large, max-video-preview:-1\" \/>\n<link rel=\"canonical\" href=\"https:\/\/brest-ecologie.bzh\/?p=4805\" \/>\n<meta property=\"og:locale\" content=\"fr_FR\" \/>\n<meta property=\"og:type\" content=\"article\" \/>\n<meta property=\"og:title\" content=\"Glen Dissaux - Subventions au sport professionnel - Elu\u00b7es \u00e9cologistes Brest\" \/>\n<meta property=\"og:description\" content=\"Lors du Conseil Municipal du 1er juillet, les \u00e9cologistes se sont abstenus sur les d\u00e9lib\u00e9rations portant subvention au sport professionnel.\" \/>\n<meta property=\"og:url\" content=\"https:\/\/brest-ecologie.bzh\/?p=4805\" \/>\n<meta property=\"og:site_name\" content=\"Elu\u00b7es \u00e9cologistes Brest\" \/>\n<meta property=\"article:publisher\" content=\"https:\/\/www.facebook.com\/Elu.e.sEcoloBrest\" \/>\n<meta property=\"article:published_time\" content=\"2025-07-08T15:43:03+00:00\" \/>\n<meta property=\"article:modified_time\" content=\"2025-07-08T15:46:38+00:00\" \/>\n<meta property=\"og:image\" content=\"https:\/\/brest-ecologie.bzh\/wp-content\/uploads\/2025\/07\/250701_Vignette-Glen.jpg\" \/>\n\t<meta property=\"og:image:width\" content=\"1920\" \/>\n\t<meta property=\"og:image:height\" content=\"1080\" \/>\n\t<meta property=\"og:image:type\" content=\"image\/jpeg\" \/>\n<meta name=\"author\" content=\"MarionJ\" \/>\n<meta name=\"twitter:card\" content=\"summary_large_image\" \/>\n<meta name=\"twitter:creator\" content=\"@BrestEcologie\" \/>\n<meta name=\"twitter:site\" content=\"@BrestEcologie\" \/>\n<meta name=\"twitter:label1\" content=\"\u00c9crit par\" \/>\n\t<meta name=\"twitter:data1\" content=\"MarionJ\" \/>\n\t<meta name=\"twitter:label2\" content=\"Dur\u00e9e de lecture estim\u00e9e\" \/>\n\t<meta name=\"twitter:data2\" content=\"2 minutes\" \/>\n<script type=\"application\/ld+json\" class=\"yoast-schema-graph\">{\"@context\":\"https:\/\/schema.org\",\"@graph\":[{\"@type\":\"Article\",\"@id\":\"https:\/\/brest-ecologie.bzh\/?p=4805#article\",\"isPartOf\":{\"@id\":\"https:\/\/brest-ecologie.bzh\/?p=4805\"},\"author\":{\"name\":\"MarionJ\",\"@id\":\"https:\/\/brest-ecologie.bzh\/#\/schema\/person\/a118cebe79505a459b35d08d6b363c32\"},\"headline\":\"Glen Dissaux &#8211; Subventions au sport professionnel\",\"datePublished\":\"2025-07-08T15:43:03+00:00\",\"dateModified\":\"2025-07-08T15:46:38+00:00\",\"mainEntityOfPage\":{\"@id\":\"https:\/\/brest-ecologie.bzh\/?p=4805\"},\"wordCount\":229,\"commentCount\":0,\"publisher\":{\"@id\":\"https:\/\/brest-ecologie.bzh\/#organization\"},\"image\":{\"@id\":\"https:\/\/brest-ecologie.bzh\/?p=4805#primaryimage\"},\"thumbnailUrl\":\"https:\/\/brest-ecologie.bzh\/wp-content\/uploads\/2025\/07\/250701_Vignette-Glen.jpg\",\"articleSection\":[\"Actualit\u00e9s\",\"Conseil municipal\"],\"inLanguage\":\"fr-FR\",\"potentialAction\":[{\"@type\":\"CommentAction\",\"name\":\"Comment\",\"target\":[\"https:\/\/brest-ecologie.bzh\/?p=4805#respond\"]}]},{\"@type\":\"WebPage\",\"@id\":\"https:\/\/brest-ecologie.bzh\/?p=4805\",\"url\":\"https:\/\/brest-ecologie.bzh\/?p=4805\",\"name\":\"Glen Dissaux - Subventions au sport professionnel - Elu\u00b7es \u00e9cologistes Brest\",\"isPartOf\":{\"@id\":\"https:\/\/brest-ecologie.bzh\/#website\"},\"primaryImageOfPage\":{\"@id\":\"https:\/\/brest-ecologie.bzh\/?p=4805#primaryimage\"},\"image\":{\"@id\":\"https:\/\/brest-ecologie.bzh\/?p=4805#primaryimage\"},\"thumbnailUrl\":\"https:\/\/brest-ecologie.bzh\/wp-content\/uploads\/2025\/07\/250701_Vignette-Glen.jpg\",\"datePublished\":\"2025-07-08T15:43:03+00:00\",\"dateModified\":\"2025-07-08T15:46:38+00:00\",\"description\":\"Lors du Conseil Municipal du 1er juillet, les \u00e9cologistes se sont abstenus sur les d\u00e9lib\u00e9rations portant subvention au sport professionnel.\",\"breadcrumb\":{\"@id\":\"https:\/\/brest-ecologie.bzh\/?p=4805#breadcrumb\"},\"inLanguage\":\"fr-FR\",\"potentialAction\":[{\"@type\":\"ReadAction\",\"target\":[\"https:\/\/brest-ecologie.bzh\/?p=4805\"]}]},{\"@type\":\"ImageObject\",\"inLanguage\":\"fr-FR\",\"@id\":\"https:\/\/brest-ecologie.bzh\/?p=4805#primaryimage\",\"url\":\"https:\/\/brest-ecologie.bzh\/wp-content\/uploads\/2025\/07\/250701_Vignette-Glen.jpg\",\"contentUrl\":\"https:\/\/brest-ecologie.bzh\/wp-content\/uploads\/2025\/07\/250701_Vignette-Glen.jpg\",\"width\":1920,\"height\":1080,\"caption\":\"Glen Dissaux subventions sport professionnel\"},{\"@type\":\"BreadcrumbList\",\"@id\":\"https:\/\/brest-ecologie.bzh\/?p=4805#breadcrumb\",\"itemListElement\":[{\"@type\":\"ListItem\",\"position\":1,\"name\":\"Accueil\",\"item\":\"https:\/\/brest-ecologie.bzh\/\"},{\"@type\":\"ListItem\",\"position\":2,\"name\":\"Glen Dissaux &#8211; Subventions au sport professionnel\"}]},{\"@type\":\"WebSite\",\"@id\":\"https:\/\/brest-ecologie.bzh\/#website\",\"url\":\"https:\/\/brest-ecologie.bzh\/\",\"name\":\"Elu\u00b7e\u00b7s \u00e9cologistes Brest\",\"description\":\"\",\"publisher\":{\"@id\":\"https:\/\/brest-ecologie.bzh\/#organization\"},\"potentialAction\":[{\"@type\":\"SearchAction\",\"target\":{\"@type\":\"EntryPoint\",\"urlTemplate\":\"https:\/\/brest-ecologie.bzh\/?s={search_term_string}\"},\"query-input\":\"required name=search_term_string\"}],\"inLanguage\":\"fr-FR\"},{\"@type\":\"Organization\",\"@id\":\"https:\/\/brest-ecologie.bzh\/#organization\",\"name\":\"Elu\u00b7e\u00b7s \u00e9cologistes de Brest ville et m\u00e9tropole\",\"url\":\"https:\/\/brest-ecologie.bzh\/\",\"logo\":{\"@type\":\"ImageObject\",\"inLanguage\":\"fr-FR\",\"@id\":\"https:\/\/brest-ecologie.bzh\/#\/schema\/logo\/image\/\",\"url\":\"https:\/\/brest-ecologie.bzh\/wp-content\/uploads\/2021\/02\/logo-elus.png\",\"contentUrl\":\"https:\/\/brest-ecologie.bzh\/wp-content\/uploads\/2021\/02\/logo-elus.png\",\"width\":2300,\"height\":921,\"caption\":\"Elu\u00b7e\u00b7s \u00e9cologistes de Brest ville et m\u00e9tropole\"},\"image\":{\"@id\":\"https:\/\/brest-ecologie.bzh\/#\/schema\/logo\/image\/\"},\"sameAs\":[\"https:\/\/www.facebook.com\/Elu.e.sEcoloBrest\",\"https:\/\/x.com\/BrestEcologie\",\"https:\/\/www.youtube.com\/channel\/UCF26X4ImxDdDiydIKxoA2WA\"]},{\"@type\":\"Person\",\"@id\":\"https:\/\/brest-ecologie.bzh\/#\/schema\/person\/a118cebe79505a459b35d08d6b363c32\",\"name\":\"MarionJ\",\"image\":{\"@type\":\"ImageObject\",\"inLanguage\":\"fr-FR\",\"@id\":\"https:\/\/brest-ecologie.bzh\/#\/schema\/person\/image\/\",\"url\":\"https:\/\/secure.gravatar.com\/avatar\/207d1000e3118e366bdb3f1cfcc304b2c8ae1517a8369df48b86fbeacba867fe?s=96&d=mm&r=g\",\"contentUrl\":\"https:\/\/secure.gravatar.com\/avatar\/207d1000e3118e366bdb3f1cfcc304b2c8ae1517a8369df48b86fbeacba867fe?s=96&d=mm&r=g\",\"caption\":\"MarionJ\"}}]}<\/script>\n<!-- \/ Yoast SEO plugin. -->","yoast_head_json":{"title":"Glen Dissaux - Subventions au sport professionnel - Elu\u00b7es \u00e9cologistes Brest","description":"Lors du Conseil Municipal du 1er juillet, les \u00e9cologistes se sont abstenus sur les d\u00e9lib\u00e9rations portant subvention au sport professionnel.","robots":{"index":"index","follow":"follow","max-snippet":"max-snippet:-1","max-image-preview":"max-image-preview:large","max-video-preview":"max-video-preview:-1"},"canonical":"https:\/\/brest-ecologie.bzh\/?p=4805","og_locale":"fr_FR","og_type":"article","og_title":"Glen Dissaux - Subventions au sport professionnel - Elu\u00b7es \u00e9cologistes Brest","og_description":"Lors du Conseil Municipal du 1er juillet, les \u00e9cologistes se sont abstenus sur les d\u00e9lib\u00e9rations portant subvention au sport professionnel.","og_url":"https:\/\/brest-ecologie.bzh\/?p=4805","og_site_name":"Elu\u00b7es \u00e9cologistes Brest","article_publisher":"https:\/\/www.facebook.com\/Elu.e.sEcoloBrest","article_published_time":"2025-07-08T15:43:03+00:00","article_modified_time":"2025-07-08T15:46:38+00:00","og_image":[{"width":1920,"height":1080,"url":"https:\/\/brest-ecologie.bzh\/wp-content\/uploads\/2025\/07\/250701_Vignette-Glen.jpg","type":"image\/jpeg"}],"author":"MarionJ","twitter_card":"summary_large_image","twitter_creator":"@BrestEcologie","twitter_site":"@BrestEcologie","twitter_misc":{"\u00c9crit par":"MarionJ","Dur\u00e9e de lecture estim\u00e9e":"2 minutes"},"schema":{"@context":"https:\/\/schema.org","@graph":[{"@type":"Article","@id":"https:\/\/brest-ecologie.bzh\/?p=4805#article","isPartOf":{"@id":"https:\/\/brest-ecologie.bzh\/?p=4805"},"author":{"name":"MarionJ","@id":"https:\/\/brest-ecologie.bzh\/#\/schema\/person\/a118cebe79505a459b35d08d6b363c32"},"headline":"Glen Dissaux &#8211; Subventions au sport professionnel","datePublished":"2025-07-08T15:43:03+00:00","dateModified":"2025-07-08T15:46:38+00:00","mainEntityOfPage":{"@id":"https:\/\/brest-ecologie.bzh\/?p=4805"},"wordCount":229,"commentCount":0,"publisher":{"@id":"https:\/\/brest-ecologie.bzh\/#organization"},"image":{"@id":"https:\/\/brest-ecologie.bzh\/?p=4805#primaryimage"},"thumbnailUrl":"https:\/\/brest-ecologie.bzh\/wp-content\/uploads\/2025\/07\/250701_Vignette-Glen.jpg","articleSection":["Actualit\u00e9s","Conseil municipal"],"inLanguage":"fr-FR","potentialAction":[{"@type":"CommentAction","name":"Comment","target":["https:\/\/brest-ecologie.bzh\/?p=4805#respond"]}]},{"@type":"WebPage","@id":"https:\/\/brest-ecologie.bzh\/?p=4805","url":"https:\/\/brest-ecologie.bzh\/?p=4805","name":"Glen Dissaux - Subventions au sport professionnel - Elu\u00b7es \u00e9cologistes Brest","isPartOf":{"@id":"https:\/\/brest-ecologie.bzh\/#website"},"primaryImageOfPage":{"@id":"https:\/\/brest-ecologie.bzh\/?p=4805#primaryimage"},"image":{"@id":"https:\/\/brest-ecologie.bzh\/?p=4805#primaryimage"},"thumbnailUrl":"https:\/\/brest-ecologie.bzh\/wp-content\/uploads\/2025\/07\/250701_Vignette-Glen.jpg","datePublished":"2025-07-08T15:43:03+00:00","dateModified":"2025-07-08T15:46:38+00:00","description":"Lors du Conseil Municipal du 1er juillet, les \u00e9cologistes se sont abstenus sur les d\u00e9lib\u00e9rations portant subvention au sport professionnel.","breadcrumb":{"@id":"https:\/\/brest-ecologie.bzh\/?p=4805#breadcrumb"},"inLanguage":"fr-FR","potentialAction":[{"@type":"ReadAction","target":["https:\/\/brest-ecologie.bzh\/?p=4805"]}]},{"@type":"ImageObject","inLanguage":"fr-FR","@id":"https:\/\/brest-ecologie.bzh\/?p=4805#primaryimage","url":"https:\/\/brest-ecologie.bzh\/wp-content\/uploads\/2025\/07\/250701_Vignette-Glen.jpg","contentUrl":"https:\/\/brest-ecologie.bzh\/wp-content\/uploads\/2025\/07\/250701_Vignette-Glen.jpg","width":1920,"height":1080,"caption":"Glen Dissaux subventions sport professionnel"},{"@type":"BreadcrumbList","@id":"https:\/\/brest-ecologie.bzh\/?p=4805#breadcrumb","itemListElement":[{"@type":"ListItem","position":1,"name":"Accueil","item":"https:\/\/brest-ecologie.bzh\/"},{"@type":"ListItem","position":2,"name":"Glen Dissaux &#8211; Subventions au sport professionnel"}]},{"@type":"WebSite","@id":"https:\/\/brest-ecologie.bzh\/#website","url":"https:\/\/brest-ecologie.bzh\/","name":"Elu\u00b7e\u00b7s \u00e9cologistes Brest","description":"","publisher":{"@id":"https:\/\/brest-ecologie.bzh\/#organization"},"potentialAction":[{"@type":"SearchAction","target":{"@type":"EntryPoint","urlTemplate":"https:\/\/brest-ecologie.bzh\/?s={search_term_string}"},"query-input":"required name=search_term_string"}],"inLanguage":"fr-FR"},{"@type":"Organization","@id":"https:\/\/brest-ecologie.bzh\/#organization","name":"Elu\u00b7e\u00b7s \u00e9cologistes de Brest ville et m\u00e9tropole","url":"https:\/\/brest-ecologie.bzh\/","logo":{"@type":"ImageObject","inLanguage":"fr-FR","@id":"https:\/\/brest-ecologie.bzh\/#\/schema\/logo\/image\/","url":"https:\/\/brest-ecologie.bzh\/wp-content\/uploads\/2021\/02\/logo-elus.png","contentUrl":"https:\/\/brest-ecologie.bzh\/wp-content\/uploads\/2021\/02\/logo-elus.png","width":2300,"height":921,"caption":"Elu\u00b7e\u00b7s \u00e9cologistes de Brest ville et m\u00e9tropole"},"image":{"@id":"https:\/\/brest-ecologie.bzh\/#\/schema\/logo\/image\/"},"sameAs":["https:\/\/www.facebook.com\/Elu.e.sEcoloBrest","https:\/\/x.com\/BrestEcologie","https:\/\/www.youtube.com\/channel\/UCF26X4ImxDdDiydIKxoA2WA"]},{"@type":"Person","@id":"https:\/\/brest-ecologie.bzh\/#\/schema\/person\/a118cebe79505a459b35d08d6b363c32","name":"MarionJ","image":{"@type":"ImageObject","inLanguage":"fr-FR","@id":"https:\/\/brest-ecologie.bzh\/#\/schema\/person\/image\/","url":"https:\/\/secure.gravatar.com\/avatar\/207d1000e3118e366bdb3f1cfcc304b2c8ae1517a8369df48b86fbeacba867fe?s=96&d=mm&r=g","contentUrl":"https:\/\/secure.gravatar.com\/avatar\/207d1000e3118e366bdb3f1cfcc304b2c8ae1517a8369df48b86fbeacba867fe?s=96&d=mm&r=g","caption":"MarionJ"}}]}},"_links":{"self":[{"href":"https:\/\/brest-ecologie.bzh\/index.php?rest_route=\/wp\/v2\/posts\/4805","targetHints":{"allow":["GET"]}}],"collection":[{"href":"https:\/\/brest-ecologie.bzh\/index.php?rest_route=\/wp\/v2\/posts"}],"about":[{"href":"https:\/\/brest-ecologie.bzh\/index.php?rest_route=\/wp\/v2\/types\/post"}],"author":[{"embeddable":true,"href":"https:\/\/brest-ecologie.bzh\/index.php?rest_route=\/wp\/v2\/users\/7"}],"replies":[{"embeddable":true,"href":"https:\/\/brest-ecologie.bzh\/index.php?rest_route=%2Fwp%2Fv2%2Fcomments&post=4805"}],"version-history":[{"count":2,"href":"https:\/\/brest-ecologie.bzh\/index.php?rest_route=\/wp\/v2\/posts\/4805\/revisions"}],"predecessor-version":[{"id":4808,"href":"https:\/\/brest-ecologie.bzh\/index.php?rest_route=\/wp\/v2\/posts\/4805\/revisions\/4808"}],"wp:featuredmedia":[{"embeddable":true,"href":"https:\/\/brest-ecologie.bzh\/index.php?rest_route=\/wp\/v2\/media\/4806"}],"wp:attachment":[{"href":"https:\/\/brest-ecologie.bzh\/index.php?rest_route=%2Fwp%2Fv2%2Fmedia&parent=4805"}],"wp:term":[{"taxonomy":"category","embeddable":true,"href":"https:\/\/brest-ecologie.bzh\/index.php?rest_route=%2Fwp%2Fv2%2Fcategories&post=4805"},{"taxonomy":"post_tag","embeddable":true,"href":"https:\/\/brest-ecologie.bzh\/index.php?rest_route=%2Fwp%2Fv2%2Ftags&post=4805"}],"curies":[{"name":"wp","href":"https:\/\/api.w.org\/{rel}","templated":true}]}}